{"id":1016,"date":"2012-12-19T14:52:15","date_gmt":"2012-12-19T17:52:15","guid":{"rendered":"http:\/\/www.assef.org.br\/portalassef\/?p=1016"},"modified":"2013-11-04T21:41:40","modified_gmt":"2013-11-05T00:41:40","slug":"celebramos-35-anos-com-festa-jantar-e-muita-danca","status":"publish","type":"post","link":"https:\/\/www.assef.org.br\/portalassef\/celebramos-35-anos-com-festa-jantar-e-muita-danca\/","title":{"rendered":"Celebramos 35 Anos, com Festa, Jantar e muita  Dan\u00e7a"},"content":{"rendered":"<p><a href=\"http:\/\/www.assef.org.br\/portalassef\/wp-content\/uploads\/2012\/12\/2012-12-08-Jantar_Dancante_35-ANOS-ASSEF-212-e1355939498767.jpg\"><img loading=\"lazy\" decoding=\"async\" class=\"alignleft size-medium wp-image-1023\" alt=\"2012-12-08-Jantar_Dancante_35-ANOS-ASSEF-212\" src=\"http:\/\/www.assef.org.br\/portalassef\/wp-content\/uploads\/2012\/12\/2012-12-08-Jantar_Dancante_35-ANOS-ASSEF-212-300x199.jpg\" width=\"300\" height=\"199\" \/><\/a><\/p>\n<p style=\"text-align: justify;\">Mais uma grande festa de comemora\u00e7\u00e3o em grande estilo do anivers\u00e1rio da ASSEF, marcou a noite de 08\u00a0 de Dezembro de 2012; alem da tradicional presen\u00e7a dos associados e familiares que residem na Capital, tivemos tamb\u00e9m representantes do interior do estado\u00a0 das cidades de Maring\u00e1, Campo Mour\u00e3o, Francisco Beltr\u00e3o, Cascavel, Toledo , Campo Mour\u00e3o,\u00a0 Jacarezinho, Ponta Grossa, Umuarama, Corn\u00e9lio Proc\u00f3pio, Paranagu\u00e1, Paranava\u00ed\u00a0 Foz do Igua\u00e7u e Londrina, que ajudaram a abrilhantar a festa e aproveitar boa musica, boa comida, ambiente familiar, sorteio de v\u00e1rios presentes doados por nossos parceiros e conveniados\u00a0 como a Lojas Mercado Moveis, Paran\u00e1 Banco, GoodCard, Griseg \u00a0Corretora de Seguros, Simone Modas, Relojoaria Aristides, \u00a0enfim uma noite de divers\u00e3o plena. Mais uma vez obrigado pela presen\u00e7a e participa\u00e7\u00e3o de todos. Valeu\u2026..<\/p>\n<p style=\"text-align: justify;\">Fica um agradecimento aos nossos parceiros e\u00a0conv\u00eaniados, que nesta festa comemorativa de \u00a035 anos, \u00a0compareceram com presentes especias, como uma Tv LCD 32 polegadas, Home Theater, Barril de Chopp e Joias.<\/p>\n<p style=\"text-align: justify;\">Clique na imagem abaixo e veja como foi mais um evento de sucesso da ASSEF em video ou fotos:<\/p>\n<p>&nbsp;<\/p>\n<div class=\"embed-container\"><iframe loading=\"lazy\" width=\"750\" height=\"422\" src=\"https:\/\/www.youtube.com\/embed\/9DIjZoiGWf0?feature=oembed\" frameborder=\"0\" allowfullscreen><\/iframe><\/div>\n<p>&nbsp;<\/p>\nngg_shortcode_0_placeholder\n","protected":false},"excerpt":{"rendered":"<p>Mais uma grande festa de comemora\u00e7\u00e3o em grande estilo do anivers\u00e1rio da ASSEF, marcou a noite de 08\u00a0 de Dezembro de 2012; alem da tradicional presen\u00e7a dos associados e familiares que residem na Capital, tivemos tamb\u00e9m representantes do interior do estado\u00a0 das cidades de Maring\u00e1, Campo Mour\u00e3o, Francisco Beltr\u00e3o, Cascavel, Toledo , Campo Mour\u00e3o,\u00a0 Jacarezinho, &hellip; <\/p>\n<p><a class=\"more-link btn\" href=\"https:\/\/www.assef.org.br\/portalassef\/celebramos-35-anos-com-festa-jantar-e-muita-danca\/\">Continue lendo<\/a><\/p>\n","protected":false},"author":2,"featured_media":0,"comment_status":"closed","ping_status":"open","sticky":false,"template":"","format":"standard","meta":{"_monsterinsights_skip_tracking":false,"_monsterinsights_sitenote_active":false,"_monsterinsights_sitenote_note":"","_monsterinsights_sitenote_category":0,"_uf_show_specific_survey":0,"_uf_disable_surveys":false,"ngg_post_thumbnail":0,"footnotes":""},"categories":[1],"tags":[],"aioseo_notices":[],"_links":{"self":[{"href":"https:\/\/www.assef.org.br\/portalassef\/wp-json\/wp\/v2\/posts\/1016"}],"collection":[{"href":"https:\/\/www.assef.org.br\/portalassef\/wp-json\/wp\/v2\/posts"}],"about":[{"href":"https:\/\/www.assef.org.br\/portalassef\/wp-json\/wp\/v2\/types\/post"}],"author":[{"embeddable":true,"href":"https:\/\/www.assef.org.br\/portalassef\/wp-json\/wp\/v2\/users\/2"}],"replies":[{"embeddable":true,"href":"https:\/\/www.assef.org.br\/portalassef\/wp-json\/wp\/v2\/comments?post=1016"}],"version-history":[{"count":17,"href":"https:\/\/www.assef.org.br\/portalassef\/wp-json\/wp\/v2\/posts\/1016\/revisions"}],"predecessor-version":[{"id":1346,"href":"https:\/\/www.assef.org.br\/portalassef\/wp-json\/wp\/v2\/posts\/1016\/revisions\/1346"}],"wp:attachment":[{"href":"https:\/\/www.assef.org.br\/portalassef\/wp-json\/wp\/v2\/media?parent=1016"}],"wp:term":[{"taxonomy":"category","embeddable":true,"href":"https:\/\/www.assef.org.br\/portalassef\/wp-json\/wp\/v2\/categories?post=1016"},{"taxonomy":"post_tag","embeddable":true,"href":"https:\/\/www.assef.org.br\/portalassef\/wp-json\/wp\/v2\/tags?post=1016"}],"curies":[{"name":"wp","href":"https:\/\/api.w.org\/{rel}","templated":true}]}}