{"id":1089,"date":"2023-03-07T19:06:44","date_gmt":"2023-03-07T22:06:44","guid":{"rendered":"http:\/\/www.assef.org.br\/portalassef\/?p=1089"},"modified":"2023-03-28T14:29:35","modified_gmt":"2023-03-28T17:29:35","slug":"dia-da-mulher","status":"publish","type":"post","link":"https:\/\/www.assef.org.br\/portalassef\/dia-da-mulher\/","title":{"rendered":"Dia da Mulher, 8 de mar\u00e7o"},"content":{"rendered":"<p><a href=\"https:\/\/www.assef.org.br\/portalassef\/wp-content\/uploads\/2021\/03\/Operarias.jpg\"><img loading=\"lazy\" decoding=\"async\" class=\"alignleft size-thumbnail wp-image-6215\" src=\"https:\/\/www.assef.org.br\/portalassef\/wp-content\/uploads\/2021\/03\/Operarias-150x150.jpg\" alt=\"\" width=\"150\" height=\"150\"><\/a>No Dia <strong>8<\/strong> de <strong>mar\u00e7o<\/strong> de <strong>1857<\/strong>, oper\u00e1rias de uma f\u00e1brica de tecidos, situada na cidade norte americana de Nova Iorque, fizeram uma grande greve. Ocuparam a f\u00e1brica e come\u00e7aram a reivindicar melhores condi\u00e7\u00f5es de trabalho, tais como, redu\u00e7\u00e3o na carga di\u00e1ria de trabalho para dez horas (as f\u00e1bricas exigiam 16 horas de trabalho di\u00e1rio), equipara\u00e7\u00e3o de sal\u00e1rios com os homens (as mulheres chegavam a receber at\u00e9 um ter\u00e7o do sal\u00e1rio de um homem, para executar o mesmo tipo de trabalho) e tratamento digno dentro do ambiente de trabalho.<\/p>\n<div class=\"o9v6fnle cxmmr5t8 oygrvhab hcukyx3x c1et5uql ii04i59q\">\n<div dir=\"auto\"><\/div>\n<div dir=\"auto\">A manifesta\u00e7\u00e3o foi reprimida com total viol\u00eancia e o dia ficou marcado como um s\u00edmbolo de luta por igualdade de condi\u00e7\u00f5es salariais.<\/div>\n<\/div>\n<div class=\"o9v6fnle cxmmr5t8 oygrvhab hcukyx3x c1et5uql ii04i59q\">\n<div dir=\"auto\"><\/div>\n<div dir=\"auto\">Em 1910, durante uma confer\u00eancia na Dinamarca, ficou decidido que o 8 de mar\u00e7o passaria a ser o &#8220;<strong>Dia Internacional da Mulher<\/strong>&#8220;, em homenagem as mulheres de 1857. Um ano depois, um inc\u00eandio numa f\u00e1brica de tecidos tamb\u00e9m em Nova York que apresentava p\u00e9ssimas condi\u00e7\u00f5es de trabalho matou cerca de 130 tecel\u00e3o, o que gerou uma grande onda de protestos por melhores condi\u00e7\u00f5es de trabalho no mundo todo em mem\u00f3ria das mulheres v\u00edtimas do inc\u00eandio, o que acabou refor\u00e7ando a data como uma forma de mem\u00f3ria da luta das trabalhadoras.<\/div>\n<\/div>\n<div class=\"o9v6fnle cxmmr5t8 oygrvhab hcukyx3x c1et5uql ii04i59q\">\n<div dir=\"auto\"><\/div>\n<div dir=\"auto\">No ano de <strong>1975<\/strong>, atrav\u00e9s de um decreto, a data foi oficializada pela ONU (Organiza\u00e7\u00e3o das Na\u00e7\u00f5es Unidas).<\/div>\n<\/div>\n<div class=\"o9v6fnle cxmmr5t8 oygrvhab hcukyx3x c1et5uql ii04i59q\">\n<div dir=\"auto\">A data \u00e9 um s\u00edmbolo que lembra que todos os direitos e melhores condi\u00e7\u00f5es de trabalho que as mulheres possu\u00edam atualmente n\u00e3o vieram de gra\u00e7a: foi preciso muita luta e sacrif\u00edcio para serem conquistados!<\/div>\n<\/div>\n<p>&nbsp;<\/p>\n<p>&nbsp;<\/p>\n<p>Segue agora textos e mensagens sobre a mulher <strong>enviada por um associado<\/strong>:<\/p>\n<p>Mais do que ser brisa. E ondular searas e flores. Mais do que ser sol. E inebriar o mundo de mil cores. Acima do que j\u00e1 houve. Do de que h\u00e1 e ainda houver. Est\u00e1 a b\u00ean\u00e7\u00e3o insuper\u00e1vel, extasiante e inigual\u00e1vel de ser t\u00e3o somente MULHER!&#8221;<\/p>\n<p>Segue agora textos e mensagens sobre a mulher enviada por um associado:<\/p>\n<p>&#8220;Deus extrai o ideal dos prantos doces borrifados na tez das flores meigas; lan\u00e7a no molde a languidez da tarde, a calma santa das et\u00e9reas veigas; no seio das manh\u00e3s colhe perfumes, das entranhas dos c\u00e9us tira o amor!&#8230; Insigne obra, que a Deus mesmo custa, nasceu, e n\u2019alma da mulher augusta abrigou-se a bondade do Senhor&#8230;&#8221;<\/p>\n<p>&#8220;Mulher, s\u00edmbolo de sensibilidade. \u00c9s a gl\u00f3ria do homem, fonte terna de amizade, p\u00e9rola de inestim\u00e1vel valor. \u00c2ncora f\u00e9rril da imagina\u00e7\u00e3o, manancial profundo de amor. Alma misteriosa, tens inexplic\u00e1vel poder. Poder de conciliar trabalho, emo\u00e7\u00e3o, lar. Mestra na arte de amar, tens especialmente um dia escolhido para te homenagear.&#8221;<\/p>\n<p>&#8220;Procuro semear otimismo e plantar sementes de paz e justi\u00e7a. Digo o que penso, com esperan\u00e7a. Penso no que fa\u00e7o, com f\u00e9. Fa\u00e7o o que devo fazer, com amor. Eu me esfor\u00e7o para ser cada dia melhor, pois bondade tamb\u00e9m se aprende. Mesmo quando tudo parece desabar, cabe a mim decidir entre rir ou chorar, ir ou ficar, desistir ou lutar; porque descobri, no caminho incerto da vida, que o mais importante \u00e9 o decidir.&#8221;<\/p>\n<p>&#8220;Ser mulher \u00e9 viver mil vezes em apenas uma vida, \u00e9 lutar por causas perdidas e sempre sair vencedora, \u00e9 estar antes do ontem e depois do amanh\u00e3, \u00e9 desconhecer a palavra recompensa apesar dos seus atos. Ser mulher \u00e9 acima de tudo um estado de esp\u00edrito, \u00e9 ter dentro de si um tesouro escondido e ainda assim dividi-lo com o mundo.&#8221; (homenagem para o Dia Internacional da Mulher)<\/p>\n<p>Contribui\u00e7\u00e3o feita pelo associado Jo\u00e3o Batista de Paula (20\u00aa R.S Toledo Pr)<\/p>\n","protected":false},"excerpt":{"rendered":"<p>No Dia 8 de mar\u00e7o de 1857, oper\u00e1rias de uma f\u00e1brica de tecidos, situada na cidade norte americana de Nova Iorque, fizeram uma grande greve. Ocuparam a f\u00e1brica e come\u00e7aram a reivindicar melhores condi\u00e7\u00f5es de trabalho, tais como, redu\u00e7\u00e3o na carga di\u00e1ria de trabalho para dez horas (as f\u00e1bricas exigiam 16 horas de trabalho di\u00e1rio), &hellip; <\/p>\n<p><a class=\"more-link btn\" href=\"https:\/\/www.assef.org.br\/portalassef\/dia-da-mulher\/\">Continue lendo<\/a><\/p>\n","protected":false},"author":2,"featured_media":0,"comment_status":"closed","ping_status":"closed","sticky":false,"template":"","format":"standard","meta":{"_monsterinsights_skip_tracking":false,"_monsterinsights_sitenote_active":false,"_monsterinsights_sitenote_note":"","_monsterinsights_sitenote_category":0,"_uf_show_specific_survey":0,"_uf_disable_surveys":false,"ngg_post_thumbnail":0,"footnotes":""},"categories":[1,21],"tags":[65],"aioseo_notices":[],"_links":{"self":[{"href":"https:\/\/www.assef.org.br\/portalassef\/wp-json\/wp\/v2\/posts\/1089"}],"collection":[{"href":"https:\/\/www.assef.org.br\/portalassef\/wp-json\/wp\/v2\/posts"}],"about":[{"href":"https:\/\/www.assef.org.br\/portalassef\/wp-json\/wp\/v2\/types\/post"}],"author":[{"embeddable":true,"href":"https:\/\/www.assef.org.br\/portalassef\/wp-json\/wp\/v2\/users\/2"}],"replies":[{"embeddable":true,"href":"https:\/\/www.assef.org.br\/portalassef\/wp-json\/wp\/v2\/comments?post=1089"}],"version-history":[{"count":23,"href":"https:\/\/www.assef.org.br\/portalassef\/wp-json\/wp\/v2\/posts\/1089\/revisions"}],"predecessor-version":[{"id":7023,"href":"https:\/\/www.assef.org.br\/portalassef\/wp-json\/wp\/v2\/posts\/1089\/revisions\/7023"}],"wp:attachment":[{"href":"https:\/\/www.assef.org.br\/portalassef\/wp-json\/wp\/v2\/media?parent=1089"}],"wp:term":[{"taxonomy":"category","embeddable":true,"href":"https:\/\/www.assef.org.br\/portalassef\/wp-json\/wp\/v2\/categories?post=1089"},{"taxonomy":"post_tag","embeddable":true,"href":"https:\/\/www.assef.org.br\/portalassef\/wp-json\/wp\/v2\/tags?post=1089"}],"curies":[{"name":"wp","href":"https:\/\/api.w.org\/{rel}","templated":true}]}}