{"id":1127,"date":"2016-03-26T15:33:41","date_gmt":"2016-03-26T18:33:41","guid":{"rendered":"http:\/\/www.assef.org.br\/portalassef\/?p=1127"},"modified":"2016-04-14T16:17:52","modified_gmt":"2016-04-14T19:17:52","slug":"viver-a-pascoa","status":"publish","type":"post","link":"https:\/\/www.assef.org.br\/portalassef\/viver-a-pascoa\/","title":{"rendered":"Viver a P\u00e1scoa"},"content":{"rendered":"<h2><strong><a href=\"http:\/\/www.assef.org.br\/portalassef\/wp-content\/uploads\/2013\/03\/Pascoa.jpg\"><img loading=\"lazy\" decoding=\"async\" class=\"alignleft size-medium wp-image-1128\" src=\"http:\/\/www.assef.org.br\/portalassef\/wp-content\/uploads\/2013\/03\/Pascoa-300x199.jpg\" alt=\"Pascoa\" width=\"300\" height=\"199\" srcset=\"https:\/\/www.assef.org.br\/portalassef\/wp-content\/uploads\/2013\/03\/Pascoa-300x199.jpg 300w, https:\/\/www.assef.org.br\/portalassef\/wp-content\/uploads\/2013\/03\/Pascoa.jpg 640w\" sizes=\"(max-width: 300px) 100vw, 300px\" \/><\/a>Em minha cesta de P\u00e1scoa, voc\u00ea encontrar\u00e1 muitos desejos para o amor e a felicidade, para a sa\u00fade e a prosperidade, para a sabedoria e o conhecimento para<\/strong><br \/>\n<strong>\u00a0alegria, o equil\u00edbrio,e a harmonia e que voc\u00ea consiga <\/strong><strong>ir al\u00e9m e descubra resultados extraordin\u00e1rios.<\/strong><br \/>\n<strong>\u00a0Deus deu-nos a habilidade de enfrentar cada novo dia com coragem, <\/strong><strong>e um sorriso de saber.<\/strong><br \/>\n<strong> Saber que, seja o que tivermos que enfrentar, \u00e9 mais f\u00e1cil com Ele habitando em nossos cora\u00e7\u00f5es.<\/strong><br \/>\n<strong> Sobretudo, Deus deu-nos Amigos para ensinar-nos sobre o amor e para guiar- nos atrav\u00e9s deste mundo.<\/strong><\/h2>\n<h2><strong>Viver a P\u00e1scoa<\/strong><\/h2>\n<p><strong>\u00c9 ser capaz de mudar,<\/strong><br \/>\n<strong> \u00c9 partilhar a vida na esperan\u00e7a,<\/strong><br \/>\n<strong> \u00c9 lutar para vencer toda sorte de sofrimento<\/strong><br \/>\n<strong> \u00c9 dizer sim ao amor e \u00e0 vida,<\/strong><br \/>\n<strong> \u00c9 investir na fraternidade,<\/strong><br \/>\n<strong> \u00c9 lutar por um mundo melhor<\/strong><br \/>\n<strong> \u00c9 ajudar mais gente a ser gente,<\/strong><br \/>\n<strong> \u00c9 viver em constante liberta\u00e7\u00e3o,<\/strong><br \/>\n<strong> \u00c9 crer na vida que vence a morte.<\/strong><br \/>\n<strong> Desejo a voc\u00ea uma excelente P\u00e1scoa.<\/strong><br \/>\n<strong> Que al\u00e9m de muitos ovos de chocolate,<\/strong><br \/>\n<strong> Voc\u00ea possa tamb\u00e9m renascer e renovar<\/strong><\/p>\n<p><strong><em>Feliz P\u00e1scoa!<\/em><\/strong><\/p>\n<p><strong>\u00c9 O QUE A FAM\u00cdLIA \u00a0ASSEF\u00a0 DESEJA A TODOS AMIGOS<\/strong><\/p>\n<div>\n<p><strong>&#8212;<\/strong><\/p>\n<div dir=\"ltr\">\n<div>Contribui\u00e7\u00e3o do associado : \u00a0 Jo\u00e3o Batista de Paula<\/div>\n<div><\/div>\n<div>Estaremos fechado nesta\u00a0 sexta feira-santa (25\/03\/2016),<\/div>\n<div><\/div>\n<div><\/div>\n<div><\/div>\n<div><\/div>\n<\/div>\n<\/div>\n","protected":false},"excerpt":{"rendered":"<p>Em minha cesta de P\u00e1scoa, voc\u00ea encontrar\u00e1 muitos desejos para o amor e a felicidade, para a sa\u00fade e a prosperidade, para a sabedoria e o conhecimento para \u00a0alegria, o equil\u00edbrio,e a harmonia e que voc\u00ea consiga ir al\u00e9m e descubra resultados extraordin\u00e1rios. \u00a0Deus deu-nos a habilidade de enfrentar cada novo dia com coragem, e &hellip; <\/p>\n<p><a class=\"more-link btn\" href=\"https:\/\/www.assef.org.br\/portalassef\/viver-a-pascoa\/\">Continue lendo<\/a><\/p>\n","protected":false},"author":2,"featured_media":0,"comment_status":"closed","ping_status":"open","sticky":false,"template":"","format":"standard","meta":{"_monsterinsights_skip_tracking":false,"_monsterinsights_sitenote_active":false,"_monsterinsights_sitenote_note":"","_monsterinsights_sitenote_category":0,"_uf_show_specific_survey":0,"_uf_disable_surveys":false,"ngg_post_thumbnail":0,"footnotes":""},"categories":[1],"tags":[66],"aioseo_notices":[],"_links":{"self":[{"href":"https:\/\/www.assef.org.br\/portalassef\/wp-json\/wp\/v2\/posts\/1127"}],"collection":[{"href":"https:\/\/www.assef.org.br\/portalassef\/wp-json\/wp\/v2\/posts"}],"about":[{"href":"https:\/\/www.assef.org.br\/portalassef\/wp-json\/wp\/v2\/types\/post"}],"author":[{"embeddable":true,"href":"https:\/\/www.assef.org.br\/portalassef\/wp-json\/wp\/v2\/users\/2"}],"replies":[{"embeddable":true,"href":"https:\/\/www.assef.org.br\/portalassef\/wp-json\/wp\/v2\/comments?post=1127"}],"version-history":[{"count":14,"href":"https:\/\/www.assef.org.br\/portalassef\/wp-json\/wp\/v2\/posts\/1127\/revisions"}],"predecessor-version":[{"id":4724,"href":"https:\/\/www.assef.org.br\/portalassef\/wp-json\/wp\/v2\/posts\/1127\/revisions\/4724"}],"wp:attachment":[{"href":"https:\/\/www.assef.org.br\/portalassef\/wp-json\/wp\/v2\/media?parent=1127"}],"wp:term":[{"taxonomy":"category","embeddable":true,"href":"https:\/\/www.assef.org.br\/portalassef\/wp-json\/wp\/v2\/categories?post=1127"},{"taxonomy":"post_tag","embeddable":true,"href":"https:\/\/www.assef.org.br\/portalassef\/wp-json\/wp\/v2\/tags?post=1127"}],"curies":[{"name":"wp","href":"https:\/\/api.w.org\/{rel}","templated":true}]}}