{"id":1252,"date":"2013-06-27T15:52:00","date_gmt":"2013-06-27T18:52:00","guid":{"rendered":"http:\/\/www.assef.org.br\/portalassef\/?p=1252"},"modified":"2015-07-29T14:16:28","modified_gmt":"2015-07-29T17:16:28","slug":"incentivo-aos-nucleos-junho-2013","status":"publish","type":"post","link":"https:\/\/www.assef.org.br\/portalassef\/incentivo-aos-nucleos-junho-2013\/","title":{"rendered":"Incentivo aos n\u00facleos Junho 2013"},"content":{"rendered":"<p style=\"text-align: justify;\"><a href=\"http:\/\/www.assef.org.br\/portalassef\/wp-content\/uploads\/2013\/06\/2013-06-22-assemblia_geral_junho_2013-125.jpg\"><img loading=\"lazy\" decoding=\"async\" class=\"alignleft size-thumbnail wp-image-1266\" src=\"http:\/\/www.assef.org.br\/portalassef\/wp-content\/uploads\/2013\/06\/2013-06-22-assemblia_geral_junho_2013-125-150x150.jpg\" alt=\"2013-06-22-assemblia_geral_junho_2013-125\" width=\"150\" height=\"150\" \/><\/a>E dando prosseguimento\u00a0 com a promo\u00e7\u00e3o incentivo aos n\u00facleos, foram sorteados na Assembleia de s\u00e1bado dia 22 de Junho de 2013, dois n\u00facleos que ganharam um presente, lembrando que as condi\u00e7\u00f5es legais para o n\u00facleo poder participar, continua no mesmo formato, o n\u00facleo dever\u00e1 estar em dia com a presta\u00e7\u00e3o de contas e estar representado na Assembleia onde o sorteio se realiza. Os dois felizardos foram os n\u00facleos da 12\u00aa Regional de Sa\u00fade &#8211; Umuarama e da 16\u00aa Regional de Sa\u00fade \u2013 Apucarana; parab\u00e9ns aos ganhadores e boa sorte aos outros, no pr\u00f3ximo sorteio.<\/p>\n","protected":false},"excerpt":{"rendered":"<p>E dando prosseguimento\u00a0 com a promo\u00e7\u00e3o incentivo aos n\u00facleos, foram sorteados na Assembleia de s\u00e1bado dia 22 de Junho de 2013, dois n\u00facleos que ganharam um presente, lembrando que as condi\u00e7\u00f5es legais para o n\u00facleo poder participar, continua no mesmo formato, o n\u00facleo dever\u00e1 estar em dia com a presta\u00e7\u00e3o de contas e estar representado &hellip; <\/p>\n<p><a class=\"more-link btn\" href=\"https:\/\/www.assef.org.br\/portalassef\/incentivo-aos-nucleos-junho-2013\/\">Continue lendo<\/a><\/p>\n","protected":false},"author":2,"featured_media":0,"comment_status":"closed","ping_status":"open","sticky":false,"template":"","format":"standard","meta":{"_monsterinsights_skip_tracking":false,"_monsterinsights_sitenote_active":false,"_monsterinsights_sitenote_note":"","_monsterinsights_sitenote_category":0,"_uf_show_specific_survey":0,"_uf_disable_surveys":false,"ngg_post_thumbnail":0,"footnotes":""},"categories":[1,69,70],"tags":[72,71],"aioseo_notices":[],"_links":{"self":[{"href":"https:\/\/www.assef.org.br\/portalassef\/wp-json\/wp\/v2\/posts\/1252"}],"collection":[{"href":"https:\/\/www.assef.org.br\/portalassef\/wp-json\/wp\/v2\/posts"}],"about":[{"href":"https:\/\/www.assef.org.br\/portalassef\/wp-json\/wp\/v2\/types\/post"}],"author":[{"embeddable":true,"href":"https:\/\/www.assef.org.br\/portalassef\/wp-json\/wp\/v2\/users\/2"}],"replies":[{"embeddable":true,"href":"https:\/\/www.assef.org.br\/portalassef\/wp-json\/wp\/v2\/comments?post=1252"}],"version-history":[{"count":15,"href":"https:\/\/www.assef.org.br\/portalassef\/wp-json\/wp\/v2\/posts\/1252\/revisions"}],"predecessor-version":[{"id":3097,"href":"https:\/\/www.assef.org.br\/portalassef\/wp-json\/wp\/v2\/posts\/1252\/revisions\/3097"}],"wp:attachment":[{"href":"https:\/\/www.assef.org.br\/portalassef\/wp-json\/wp\/v2\/media?parent=1252"}],"wp:term":[{"taxonomy":"category","embeddable":true,"href":"https:\/\/www.assef.org.br\/portalassef\/wp-json\/wp\/v2\/categories?post=1252"},{"taxonomy":"post_tag","embeddable":true,"href":"https:\/\/www.assef.org.br\/portalassef\/wp-json\/wp\/v2\/tags?post=1252"}],"curies":[{"name":"wp","href":"https:\/\/api.w.org\/{rel}","templated":true}]}}