{"id":1381,"date":"2013-12-11T22:50:01","date_gmt":"2013-12-12T01:50:01","guid":{"rendered":"http:\/\/www.assef.org.br\/portalassef\/?p=1381"},"modified":"2015-03-03T18:58:07","modified_gmt":"2015-03-03T21:58:07","slug":"a-assef-celebra-seus-36-anos","status":"publish","type":"post","link":"https:\/\/www.assef.org.br\/portalassef\/a-assef-celebra-seus-36-anos\/","title":{"rendered":"A ASSEF celebra seus 36 anos"},"content":{"rendered":"<p style=\"text-align: justify;\"><a href=\"http:\/\/www.assef.org.br\/portalassef\/wp-content\/uploads\/2013\/12\/20131123_jantar_dancante-assef-065.jpg\"><img loading=\"lazy\" decoding=\"async\" class=\"alignleft size-thumbnail wp-image-1388\" src=\"http:\/\/www.assef.org.br\/portalassef\/wp-content\/uploads\/2013\/12\/20131123_jantar_dancante-assef-065-150x150.jpg\" alt=\"20131123_jantar_dancante-assef-065\" width=\"150\" height=\"150\" \/><\/a>Foi realizado no dia 23 de novembro de 2013, a festa de comemora\u00e7\u00e3o dos 36 anos da ASSEF, mais uma vez em grande estilo e a novidade \u00e9 que foi realizado em outro local; na Sociedade Morgenau com sal\u00e3o mais amplo proporcionando maior conforto aos participantes. No evento tivemos a apresenta\u00e7\u00e3o cultural comandada por nosso associado e Diretor Social Renato Schmidt e sua equipe, um delicioso jantar, bebidas em geral, sorteios de presentes para os associados e convidados e muita anima\u00e7\u00e3o com boa musica do come\u00e7o ao final. Estiveram presentes caravanas de todo o interior do Estado representando as cidades de Paranagu\u00e1, Lapa, Maring\u00e1, Irati, Guarapuava, Cascavel, Umuarama, Cianorte, Matinhos, Ponta Grossa, Fco Beltr\u00e3o, Pato Branco, Campo Mour\u00e3o, al\u00e9m de Curitiba (H.O.C.- C.P.M.- Lacem- Central- C.P.P.I.- H.D.S.P.- H.T.- Bar\u00e3o- Cemepar) e Regi\u00e3o.<\/p>\n<p>Nossos agradecimentos a todos que prestigiaram mais esse evento da Assef, e para os que n\u00e3o puderam estar presentes j\u00e1 fica o convite para o ano que vem, ok?<\/p>\n<p>&nbsp;<\/p>\n<p>Confiram o V\u00eddeo e as fotos abaixo:<\/p>\n<div class=\"embed-container\"><iframe loading=\"lazy\" width=\"750\" height=\"563\" src=\"https:\/\/www.youtube.com\/embed\/videoseries?list=PLhapsmicIfbbL6a8D3WoqeSe8OcM2t6tF\" frameborder=\"0\" allowfullscreen><\/iframe><\/div>\n<p>&nbsp;<\/p>\nngg_shortcode_0_placeholder\n","protected":false},"excerpt":{"rendered":"<p>Foi realizado no dia 23 de novembro de 2013, a festa de comemora\u00e7\u00e3o dos 36 anos da ASSEF, mais uma vez em grande estilo e a novidade \u00e9 que foi realizado em outro local; na Sociedade Morgenau com sal\u00e3o mais amplo proporcionando maior conforto aos participantes. No evento tivemos a apresenta\u00e7\u00e3o cultural comandada por nosso &hellip; <\/p>\n<p><a class=\"more-link btn\" href=\"https:\/\/www.assef.org.br\/portalassef\/a-assef-celebra-seus-36-anos\/\">Continue lendo<\/a><\/p>\n","protected":false},"author":2,"featured_media":0,"comment_status":"closed","ping_status":"open","sticky":false,"template":"","format":"standard","meta":{"_monsterinsights_skip_tracking":false,"_monsterinsights_sitenote_active":false,"_monsterinsights_sitenote_note":"","_monsterinsights_sitenote_category":0,"_uf_show_specific_survey":0,"_uf_disable_surveys":false,"ngg_post_thumbnail":0,"footnotes":""},"categories":[1],"tags":[76],"aioseo_notices":[],"_links":{"self":[{"href":"https:\/\/www.assef.org.br\/portalassef\/wp-json\/wp\/v2\/posts\/1381"}],"collection":[{"href":"https:\/\/www.assef.org.br\/portalassef\/wp-json\/wp\/v2\/posts"}],"about":[{"href":"https:\/\/www.assef.org.br\/portalassef\/wp-json\/wp\/v2\/types\/post"}],"author":[{"embeddable":true,"href":"https:\/\/www.assef.org.br\/portalassef\/wp-json\/wp\/v2\/users\/2"}],"replies":[{"embeddable":true,"href":"https:\/\/www.assef.org.br\/portalassef\/wp-json\/wp\/v2\/comments?post=1381"}],"version-history":[{"count":10,"href":"https:\/\/www.assef.org.br\/portalassef\/wp-json\/wp\/v2\/posts\/1381\/revisions"}],"predecessor-version":[{"id":1461,"href":"https:\/\/www.assef.org.br\/portalassef\/wp-json\/wp\/v2\/posts\/1381\/revisions\/1461"}],"wp:attachment":[{"href":"https:\/\/www.assef.org.br\/portalassef\/wp-json\/wp\/v2\/media?parent=1381"}],"wp:term":[{"taxonomy":"category","embeddable":true,"href":"https:\/\/www.assef.org.br\/portalassef\/wp-json\/wp\/v2\/categories?post=1381"},{"taxonomy":"post_tag","embeddable":true,"href":"https:\/\/www.assef.org.br\/portalassef\/wp-json\/wp\/v2\/tags?post=1381"}],"curies":[{"name":"wp","href":"https:\/\/api.w.org\/{rel}","templated":true}]}}