{"id":1395,"date":"2013-12-23T15:54:32","date_gmt":"2013-12-23T18:54:32","guid":{"rendered":"http:\/\/www.assef.org.br\/portalassef\/?p=1395"},"modified":"2015-03-03T18:58:30","modified_gmt":"2015-03-03T21:58:30","slug":"maria-da-conceicao-farias","status":"publish","type":"post","link":"https:\/\/www.assef.org.br\/portalassef\/maria-da-conceicao-farias\/","title":{"rendered":"Maria da Concei\u00e7\u00e3o Farias"},"content":{"rendered":"<p><a href=\"http:\/\/www.assef.org.br\/portalassef\/wp-content\/uploads\/2013\/12\/MARIA_CONCEICAO_FARIAS.jpg\"><img loading=\"lazy\" decoding=\"async\" class=\"alignleft size-thumbnail wp-image-1396\" alt=\"MARIA_CONCEICAO_FARIAS\" src=\"http:\/\/www.assef.org.br\/portalassef\/wp-content\/uploads\/2013\/12\/MARIA_CONCEICAO_FARIAS-150x150.jpg\" width=\"150\" height=\"150\" \/><\/a>Nota de Falecimento. E com pesar que divulgamos a perda da nossa Dona Maria, querida associada que tamb\u00e9m era uma de nossas\u00a0 representantes do N\u00facleo de Campo Mour\u00e3o.<\/p>\n<p>Dona Maria fazia parte da diretoria da Assef, atuante como membro do Conselho Fiscal, nunca faltou com suas atividades junto a Sede da ASSEF. No N\u00facleo de Compo Mour\u00e3o era din\u00e2mica, sempre atenta as necessidades dos associados, e uma da pioneiras no desenvolvimento e fortalecimento do n\u00facleo local, vinha comemorando os avan\u00e7os e conquistas da sede local.<\/p>\n<p>O falecimento \u00e9 consequencia de um \u00a0tr\u00e1gico acidente de tr\u00e2nsito na tarde de sexta-feira, 20 de dezembro, na BR-272.\u00a0 No mesmo acidente com\u00a0 Maria da Concei\u00e7\u00e3o Farias, 74, estava com sua filha\u00a0 Imara de Andrade Mazzucheti, 52, que tamb\u00e9m faleceu no local.<\/p>\n<p>&nbsp;<\/p>\n<p><a href=\"http:\/\/www.assef.org.br\/portalassef\/wp-content\/uploads\/2013\/12\/diretores-chapa-assef-011.jpg\"><img loading=\"lazy\" decoding=\"async\" class=\"alignleft size-thumbnail wp-image-1400\" alt=\"diretores chapa assef 011\" src=\"http:\/\/www.assef.org.br\/portalassef\/wp-content\/uploads\/2013\/12\/diretores-chapa-assef-011-150x150.jpg\" width=\"150\" height=\"150\" \/><\/a> <a href=\"http:\/\/www.assef.org.br\/portalassef\/wp-content\/uploads\/2013\/12\/diretores-chapa-assef-012.jpg\"><img loading=\"lazy\" decoding=\"async\" class=\"alignleft size-thumbnail wp-image-1399\" alt=\"diretores chapa assef 012\" src=\"http:\/\/www.assef.org.br\/portalassef\/wp-content\/uploads\/2013\/12\/diretores-chapa-assef-012-150x150.jpg\" width=\"150\" height=\"150\" \/><\/a><\/p>\n","protected":false},"excerpt":{"rendered":"<p>Nota de Falecimento. E com pesar que divulgamos a perda da nossa Dona Maria, querida associada que tamb\u00e9m era uma de nossas\u00a0 representantes do N\u00facleo de Campo Mour\u00e3o. Dona Maria fazia parte da diretoria da Assef, atuante como membro do Conselho Fiscal, nunca faltou com suas atividades junto a Sede da ASSEF. No N\u00facleo de &hellip; <\/p>\n<p><a class=\"more-link btn\" href=\"https:\/\/www.assef.org.br\/portalassef\/maria-da-conceicao-farias\/\">Continue lendo<\/a><\/p>\n","protected":false},"author":2,"featured_media":0,"comment_status":"closed","ping_status":"open","sticky":false,"template":"","format":"standard","meta":{"_monsterinsights_skip_tracking":false,"_monsterinsights_sitenote_active":false,"_monsterinsights_sitenote_note":"","_monsterinsights_sitenote_category":0,"_uf_show_specific_survey":0,"_uf_disable_surveys":false,"ngg_post_thumbnail":0,"footnotes":""},"categories":[1,43],"tags":[58],"aioseo_notices":[],"_links":{"self":[{"href":"https:\/\/www.assef.org.br\/portalassef\/wp-json\/wp\/v2\/posts\/1395"}],"collection":[{"href":"https:\/\/www.assef.org.br\/portalassef\/wp-json\/wp\/v2\/posts"}],"about":[{"href":"https:\/\/www.assef.org.br\/portalassef\/wp-json\/wp\/v2\/types\/post"}],"author":[{"embeddable":true,"href":"https:\/\/www.assef.org.br\/portalassef\/wp-json\/wp\/v2\/users\/2"}],"replies":[{"embeddable":true,"href":"https:\/\/www.assef.org.br\/portalassef\/wp-json\/wp\/v2\/comments?post=1395"}],"version-history":[{"count":3,"href":"https:\/\/www.assef.org.br\/portalassef\/wp-json\/wp\/v2\/posts\/1395\/revisions"}],"predecessor-version":[{"id":1401,"href":"https:\/\/www.assef.org.br\/portalassef\/wp-json\/wp\/v2\/posts\/1395\/revisions\/1401"}],"wp:attachment":[{"href":"https:\/\/www.assef.org.br\/portalassef\/wp-json\/wp\/v2\/media?parent=1395"}],"wp:term":[{"taxonomy":"category","embeddable":true,"href":"https:\/\/www.assef.org.br\/portalassef\/wp-json\/wp\/v2\/categories?post=1395"},{"taxonomy":"post_tag","embeddable":true,"href":"https:\/\/www.assef.org.br\/portalassef\/wp-json\/wp\/v2\/tags?post=1395"}],"curies":[{"name":"wp","href":"https:\/\/api.w.org\/{rel}","templated":true}]}}