{"id":164,"date":"2009-07-06T18:10:35","date_gmt":"2009-07-06T21:10:35","guid":{"rendered":"http:\/\/www.assef.org.br\/portalassef\/?p=164"},"modified":"2012-06-29T10:46:40","modified_gmt":"2012-06-29T13:46:40","slug":"alojamento-da-assef-curitiba","status":"publish","type":"post","link":"https:\/\/www.assef.org.br\/portalassef\/alojamento-da-assef-curitiba\/","title":{"rendered":"Alojamento da ASSEF Curitiba"},"content":{"rendered":"<p style=\"text-align: justify;\"><a href=\"http:\/\/www.assef.org.br\/portalassef\/wp-content\/uploads\/2009\/07\/ALOJAMENTO_CTBA_004.jpg\"><img loading=\"lazy\" decoding=\"async\" class=\"alignleft size-thumbnail wp-image-167\" title=\"ALOJAMENTO_CTBA_004\" src=\"http:\/\/www.assef.org.br\/portalassef\/wp-content\/uploads\/2009\/07\/ALOJAMENTO_CTBA_004-150x150.jpg\" alt=\"\" width=\"150\" height=\"150\" \/><\/a>Para fazer a sua reserva:<\/p>\n<p style=\"text-align: justify;\">De segunda a sexta-feira das 08:00 as 12:00 e das 13:00 as 17:00 horas.<\/p>\n<p style=\"text-align: justify;\">Os valores s\u00e3o: para s\u00f3cio <strong>R$10,00<\/strong> n\u00e3o s\u00f3cio R$ 40,00, e para tratamento de sa\u00fade R$ 5,00 o pernoite. As chaves (do port\u00e3o e porta principal do alojamento) est\u00e3o de posse do diretor de n\u00facleo e demais representantes nos locais de trabalho.<\/p>\n<p style=\"text-align: justify;\">Para reservas e maiores informa\u00e7\u00e3oes ligue: 41 &#8211; 33337622, ou ent\u00e3o 0800 600 7622.<\/p>\n<p>A Dire\u00e7\u00e3o<\/p>\n","protected":false},"excerpt":{"rendered":"<p>Para fazer a sua reserva: De segunda a sexta-feira das 08:00 as 12:00 e das 13:00 as 17:00 horas. Os valores s\u00e3o: para s\u00f3cio R$10,00 n\u00e3o s\u00f3cio R$ 40,00, e para tratamento de sa\u00fade R$ 5,00 o pernoite. As chaves (do port\u00e3o e porta principal do alojamento) est\u00e3o de posse do diretor de n\u00facleo e &hellip; <\/p>\n<p><a class=\"more-link btn\" href=\"https:\/\/www.assef.org.br\/portalassef\/alojamento-da-assef-curitiba\/\">Continue lendo<\/a><\/p>\n","protected":false},"author":1,"featured_media":0,"comment_status":"closed","ping_status":"open","sticky":false,"template":"","format":"standard","meta":{"_monsterinsights_skip_tracking":false,"_monsterinsights_sitenote_active":false,"_monsterinsights_sitenote_note":"","_monsterinsights_sitenote_category":0,"_uf_show_specific_survey":0,"_uf_disable_surveys":false,"ngg_post_thumbnail":0,"footnotes":""},"categories":[1,11,31],"tags":[],"aioseo_notices":[],"_links":{"self":[{"href":"https:\/\/www.assef.org.br\/portalassef\/wp-json\/wp\/v2\/posts\/164"}],"collection":[{"href":"https:\/\/www.assef.org.br\/portalassef\/wp-json\/wp\/v2\/posts"}],"about":[{"href":"https:\/\/www.assef.org.br\/portalassef\/wp-json\/wp\/v2\/types\/post"}],"author":[{"embeddable":true,"href":"https:\/\/www.assef.org.br\/portalassef\/wp-json\/wp\/v2\/users\/1"}],"replies":[{"embeddable":true,"href":"https:\/\/www.assef.org.br\/portalassef\/wp-json\/wp\/v2\/comments?post=164"}],"version-history":[{"count":8,"href":"https:\/\/www.assef.org.br\/portalassef\/wp-json\/wp\/v2\/posts\/164\/revisions"}],"predecessor-version":[{"id":541,"href":"https:\/\/www.assef.org.br\/portalassef\/wp-json\/wp\/v2\/posts\/164\/revisions\/541"}],"wp:attachment":[{"href":"https:\/\/www.assef.org.br\/portalassef\/wp-json\/wp\/v2\/media?parent=164"}],"wp:term":[{"taxonomy":"category","embeddable":true,"href":"https:\/\/www.assef.org.br\/portalassef\/wp-json\/wp\/v2\/categories?post=164"},{"taxonomy":"post_tag","embeddable":true,"href":"https:\/\/www.assef.org.br\/portalassef\/wp-json\/wp\/v2\/tags?post=164"}],"curies":[{"name":"wp","href":"https:\/\/api.w.org\/{rel}","templated":true}]}}