{"id":1898,"date":"2014-10-15T00:01:06","date_gmt":"2014-10-15T03:01:06","guid":{"rendered":"http:\/\/www.assef.org.br\/portalassef\/?p=1898"},"modified":"2015-01-11T00:35:15","modified_gmt":"2015-01-11T03:35:15","slug":"calendario-da-temporada-de-praia-20142015","status":"publish","type":"post","link":"https:\/\/www.assef.org.br\/portalassef\/calendario-da-temporada-de-praia-20142015\/","title":{"rendered":"Calend\u00e1rio da Temporada de Praia 2014\/2015"},"content":{"rendered":"<h1 style=\"text-align: right;\"><a title=\"CALEND\u00c1RIO PARA IMPRESS\u00c3O NO FORMATO PDF\" href=\"http:\/\/www.assef.org.br\/portalassef\/wp-content\/uploads\/2014\/10\/CALENDARIO_DA_TEMPORADA_DE_PRAIA_2014-2015.pdf\"><img loading=\"lazy\" decoding=\"async\" class=\"alignleft size-thumbnail wp-image-1887\" src=\"http:\/\/www.assef.org.br\/portalassef\/wp-content\/uploads\/2014\/10\/matinhos-assef-150x150.jpg\" alt=\"matinhos-assef\" width=\"150\" height=\"150\" \/><\/a>\u00a0<strong>Inscri\u00e7\u00f5es<\/strong><strong> de Reservas a<span style=\"color: #ff0000;\"><em> partir de 20 de Outubro<\/em><\/span> de 2014<\/strong><\/h1>\n<p>&nbsp;<\/p>\n<p>&nbsp;<\/p>\n<p>&nbsp;<\/p>\n<p>&nbsp;<\/p>\n<p>&nbsp;<\/p>\n<p><strong>DEZEMBRO\/2014<\/strong><\/p>\n<table>\n<tbody>\n<tr>\n<td width=\"192\">De 01 \u00e0 14<\/td>\n<td width=\"384\">PERIODO RESERVADO PARA EXCURS\u00d5ES (GRUPOS)<\/td>\n<\/tr>\n<tr>\n<td width=\"192\">16\/12 \u00e0 21\/12<\/td>\n<td width=\"384\">3\u00aa Semana \u00a0 de Dezembro<\/td>\n<\/tr>\n<tr>\n<td width=\"192\">23\/12 \u00e0 28\/12<\/td>\n<td width=\"384\">\n<p style=\"text-align: left;\">SEMANA DO NATAL (6 di\u00e1rias) (inscri\u00e7\u00f5es de <strong>20\/10 \u00e0 15\/11\/2014<\/strong>) \u25ba<\/p>\n<\/td>\n<\/tr>\n<\/tbody>\n<\/table>\n<p><strong>\u00a0<\/strong><\/p>\n<p><strong>JANEIRO\/2015<\/strong><\/p>\n<table>\n<tbody>\n<tr>\n<td width=\"192\">30\/12\/2014 \u00e0 04\/01\/2015<\/td>\n<td width=\"384\">SEMANA DO ANO NOVO (6 di\u00e1rias) (inscri\u00e7\u00f5es de <strong>20\/10 \u00e0 15\/11\/2014<\/strong>) \u25ba<\/td>\n<\/tr>\n<tr>\n<td width=\"192\">06\/01 \u00e0 11\/01<\/td>\n<td width=\"384\">2\u00aa Semana (6 di\u00e1rias)<\/td>\n<\/tr>\n<tr>\n<td width=\"192\">13\/01 \u00e0 18\/01<\/td>\n<td width=\"384\">3\u00aa Semana (6 di\u00e1rias)<\/td>\n<\/tr>\n<tr>\n<td width=\"192\">20\/01 \u00e0 25\/01<\/td>\n<td width=\"384\">4\u00aa Semana (6 di\u00e1rias)<\/td>\n<\/tr>\n<tr>\n<td width=\"192\">27\/01 \u00e0 01\/02<\/td>\n<td width=\"384\">5\u00aa Semana (6 di\u00e1rias)<\/td>\n<\/tr>\n<\/tbody>\n<\/table>\n<p><strong>\u00a0<\/strong><\/p>\n<p><strong>FEVEREIRO\/2015<\/strong><\/p>\n<table>\n<tbody>\n<tr>\n<td width=\"192\">03\/02 \u00e0 08\/02<\/td>\n<td width=\"384\">1\u00aa Semana (6 di\u00e1rias)<\/td>\n<\/tr>\n<tr>\n<td width=\"192\">10\/02 \u00e0 17\/02<\/td>\n<td width=\"384\">Semana do Carnaval 2\u00aa semana (8 di\u00e1rias) (inscri\u00e7\u00f5es de<strong> 20\/10 \u00e0 15\/11\/2014<\/strong>)<\/td>\n<\/tr>\n<tr>\n<td width=\"192\">19\/02 \u00e0 22\/02<\/td>\n<td width=\"384\">Excurs\u00e3o P\u00f3s Carnaval \u2013 (Grupos) 3\u00aa semana<\/td>\n<\/tr>\n<tr>\n<td width=\"192\">24\/02 \u00e0 01\/03<\/td>\n<td width=\"384\">4\u00aa semana (6 di\u00e1rias)<\/td>\n<\/tr>\n<\/tbody>\n<\/table>\n<p>&nbsp;<\/p>\n<p><strong>MAR\u00c7O\/2015<\/strong><\/p>\n<table>\n<tbody>\n<tr>\n<td width=\"192\">03\/03 \u00e0 08\/03<\/td>\n<td width=\"384\">1\u00aa Semana (6 di\u00e1rias)<\/td>\n<\/tr>\n<tr>\n<td width=\"192\">10\/03 \u00e0 15\/03<\/td>\n<td width=\"384\">2\u00aa Semana (6 di\u00e1rias)<\/td>\n<\/tr>\n<tr>\n<td width=\"192\">17\/03 \u00e0 22\/03<\/td>\n<td width=\"384\">3\u00aa Semana (6 di\u00e1rias)<\/td>\n<\/tr>\n<tr>\n<td width=\"192\">24\/03 \u00e0 29\/03<\/td>\n<td width=\"384\">4\u00aa Semana (6 di\u00e1rias)<\/td>\n<\/tr>\n<\/tbody>\n<\/table>\n<p><strong>\u00a0<\/strong><\/p>\n<p><strong>VALORES:<\/strong> hospedagem com caf\u00e9 da manh\u00e3, almo\u00e7o e jantar<\/p>\n<table>\n<tbody>\n<tr>\n<td width=\"288\"><strong>Associados e dependentes<\/strong><\/td>\n<td width=\"288\">\n<p style=\"text-align: right;\">R$ <strong>42,00<\/strong><\/p>\n<\/td>\n<\/tr>\n<tr>\n<td width=\"288\"><strong>Crian\u00e7as de 04 \u00e0 09 anos<\/strong><\/td>\n<td width=\"288\">\n<p style=\"text-align: right;\">R$ <strong>35,00<\/strong><\/p>\n<\/td>\n<\/tr>\n<\/tbody>\n<\/table>\n<p>&nbsp;<\/p>\n<table>\n<tbody>\n<tr>\n<td width=\"288\">Parentes (filhos solteiros acima de 18 anos, genro, Nora, Primos, Sobrinhos, Cunhados, Sogra, Sogro, etc.)<\/td>\n<td width=\"288\">\n<p style=\"text-align: right;\">R$ 55,00<\/p>\n<\/td>\n<\/tr>\n<tr>\n<td width=\"288\">Crian\u00e7as de 04 \u00e0 09 anos.<\/td>\n<td width=\"288\">\n<p style=\"text-align: right;\">R$ 40,00<\/p>\n<\/td>\n<\/tr>\n<\/tbody>\n<\/table>\n<p>&nbsp;<\/p>\n<table>\n<tbody>\n<tr>\n<td width=\"288\">N\u00e3o associados<\/td>\n<td width=\"288\">\n<p style=\"text-align: right;\">R$ 70,00<\/p>\n<\/td>\n<\/tr>\n<tr>\n<td width=\"288\">Crian\u00e7as de 04 \u00e0 09 anos<\/td>\n<td width=\"288\">\n<p style=\"text-align: right;\">R$ 60,00<\/p>\n<\/td>\n<\/tr>\n<\/tbody>\n<\/table>\n<p>&nbsp;<\/p>\n<p>Obs. para quem entrar na <strong>2\u00aa feira ap\u00f3s as 18:00 horas ser\u00e1 cobrado pernoite nos valores<\/strong>:<\/p>\n<table>\n<tbody>\n<tr>\n<td width=\"288\">Associado e Dependente<\/td>\n<td width=\"288\">\n<p style=\"text-align: right;\">R$ 10,00<\/p>\n<\/td>\n<\/tr>\n<tr>\n<td width=\"288\">Parente<\/td>\n<td width=\"288\">\n<p style=\"text-align: right;\">R$ 15,00<\/p>\n<\/td>\n<\/tr>\n<tr>\n<td width=\"288\">N\u00e3o S\u00f3cio<\/td>\n<td width=\"288\">\n<p style=\"text-align: right;\">R$ 20,00<\/p>\n<\/td>\n<\/tr>\n<\/tbody>\n<\/table>\n<h4>As inscri\u00e7\u00f5es dever\u00e3o ser feitas atrav\u00e9s do site <a href=\"http:\/\/www.assef.org.br\/\">www.assef.org.br<\/a> (menu Reserva 2014-2015) ou dos telefones 41\u20133333-7622(Curitiba e Regi\u00e3o Metropolitana)\u00a0e 0800 600 7622 (Demais Cidades do Paran\u00e1)\u00a0\u2013 C\/ Rosangela e Pedro.\u00a0\u00a0<strong> <span style=\"color: #ff0000;\">Inscri\u00e7\u00e3o somente a partir do dia 20 de Outubro<\/span>.<\/strong><\/h4>\n<p>&nbsp;<\/p>\n<p>\u25ba O sorteio das inscri\u00e7\u00f5es para o Ano Novo e Carnaval, ser\u00e1 realizado na Assembl\u00e9ia de Presta\u00e7\u00e3o de Contas dia <strong>29 <\/strong>de <strong>novembro<\/strong> de <strong>2014<\/strong>.<\/p>\n<p>&nbsp;<\/p>\n<blockquote>\n<div><\/div>\n<div>Op\u00e7\u00e3o de Inscri\u00e7\u00e3o pela internet, somente a partir do dia 20\u00a0de Outubro, 2014 at\u00e9 15 de Novembro de 2014.<\/div>\n<div><\/div>\n<div><\/div>\n<h1>Ligue 0800-600-7622 durante a semana das 8:30 as 16:30<\/h1>\n<h1 style=\"text-align: center;\"><a href=\"http:\/\/prereserva.assef.org.br\/\"><strong>Clique AQUI para acessar o<\/strong><\/a><\/h1>\n<h1 style=\"text-align: center;\"><a href=\"http:\/\/prereserva.assef.org.br\/\"><strong>Formul\u00e1rio de Inscri\u00e7\u00e3o ON LINE<\/strong><\/a><\/h1>\n<pre><strong>COMPAT\u00cdVEL COM O NAVEGADOR FIREFOX ,NAVEGADOR OPERA, NAVEGADOR GOOGLE CHROME\r\n<\/strong><em> INTERNET EXPLORER COM PROBLEMAS <\/em>\r\n<\/pre>\n<h1 style=\"text-align: right;\"><a href=\"http:\/\/prereserva.assef.org.br\/\"><img loading=\"lazy\" decoding=\"async\" class=\"wp-image-2032 aligncenter\" src=\"http:\/\/www.assef.org.br\/portalassef\/wp-content\/uploads\/2014\/10\/preinscricao.jpeg\" alt=\"preinscricao\" width=\"189\" height=\"71\" srcset=\"https:\/\/www.assef.org.br\/portalassef\/wp-content\/uploads\/2014\/10\/preinscricao.jpeg 320w, https:\/\/www.assef.org.br\/portalassef\/wp-content\/uploads\/2014\/10\/preinscricao-300x112.jpeg 300w\" sizes=\"(max-width: 189px) 100vw, 189px\" \/><\/a><\/h1>\n<\/blockquote>\n<h3><\/h3>\n<h3><a href=\"http:\/\/www.assef.org.br\/portalassef\/wp-content\/uploads\/2014\/10\/CALENDARIO_DA_TEMPORADA_DE_PRAIA_2014-2015.pdf\">Clique aqui para Mostrar Calend\u00e1rio em PDF recomendado para impress\u00e3o<\/a><\/h3>\n<p><a title=\"calendario da temporada 2014-2015 em pdf\" href=\"http:\/\/www.assef.org.br\/portalassef\/wp-content\/uploads\/2014\/10\/CALENDARIO_DA_TEMPORADA_DE_PRAIA_2014-2015.pdf\" target=\"_blank\"><img loading=\"lazy\" decoding=\"async\" class=\"aligncenter\" title=\"baixarpdf\" src=\"http:\/\/www.assef.org.br\/portalassef\/wp-content\/uploads\/2012\/10\/baixarpdf.jpg\" alt=\"\" width=\"250\" height=\"105\" \/><\/a><\/p>\n","protected":false},"excerpt":{"rendered":"<p>\u00a0Inscri\u00e7\u00f5es de Reservas a partir de 20 de Outubro de 2014 &nbsp; &nbsp; &nbsp; &nbsp; &nbsp; DEZEMBRO\/2014 De 01 \u00e0 14 PERIODO RESERVADO PARA EXCURS\u00d5ES (GRUPOS) 16\/12 \u00e0 21\/12 3\u00aa Semana \u00a0 de Dezembro 23\/12 \u00e0 28\/12 SEMANA DO NATAL (6 di\u00e1rias) (inscri\u00e7\u00f5es de 20\/10 \u00e0 15\/11\/2014) \u25ba \u00a0 JANEIRO\/2015 30\/12\/2014 \u00e0 04\/01\/2015 SEMANA DO &hellip; <\/p>\n<p><a class=\"more-link btn\" href=\"https:\/\/www.assef.org.br\/portalassef\/calendario-da-temporada-de-praia-20142015\/\">Continue lendo<\/a><\/p>\n","protected":false},"author":2,"featured_media":1318,"comment_status":"closed","ping_status":"open","sticky":false,"template":"","format":"standard","meta":{"_monsterinsights_skip_tracking":false,"_monsterinsights_sitenote_active":false,"_monsterinsights_sitenote_note":"","_monsterinsights_sitenote_category":0,"_uf_show_specific_survey":0,"_uf_disable_surveys":false,"ngg_post_thumbnail":0,"footnotes":""},"categories":[21,62],"tags":[51,74],"aioseo_notices":[],"_links":{"self":[{"href":"https:\/\/www.assef.org.br\/portalassef\/wp-json\/wp\/v2\/posts\/1898"}],"collection":[{"href":"https:\/\/www.assef.org.br\/portalassef\/wp-json\/wp\/v2\/posts"}],"about":[{"href":"https:\/\/www.assef.org.br\/portalassef\/wp-json\/wp\/v2\/types\/post"}],"author":[{"embeddable":true,"href":"https:\/\/www.assef.org.br\/portalassef\/wp-json\/wp\/v2\/users\/2"}],"replies":[{"embeddable":true,"href":"https:\/\/www.assef.org.br\/portalassef\/wp-json\/wp\/v2\/comments?post=1898"}],"version-history":[{"count":20,"href":"https:\/\/www.assef.org.br\/portalassef\/wp-json\/wp\/v2\/posts\/1898\/revisions"}],"predecessor-version":[{"id":2034,"href":"https:\/\/www.assef.org.br\/portalassef\/wp-json\/wp\/v2\/posts\/1898\/revisions\/2034"}],"wp:featuredmedia":[{"embeddable":true,"href":"https:\/\/www.assef.org.br\/portalassef\/wp-json\/wp\/v2\/media\/1318"}],"wp:attachment":[{"href":"https:\/\/www.assef.org.br\/portalassef\/wp-json\/wp\/v2\/media?parent=1898"}],"wp:term":[{"taxonomy":"category","embeddable":true,"href":"https:\/\/www.assef.org.br\/portalassef\/wp-json\/wp\/v2\/categories?post=1898"},{"taxonomy":"post_tag","embeddable":true,"href":"https:\/\/www.assef.org.br\/portalassef\/wp-json\/wp\/v2\/tags?post=1898"}],"curies":[{"name":"wp","href":"https:\/\/api.w.org\/{rel}","templated":true}]}}