{"id":3126,"date":"2015-10-15T01:19:36","date_gmt":"2015-10-15T04:19:36","guid":{"rendered":"http:\/\/www.assef.org.br\/portalassef\/?p=3126"},"modified":"2017-10-09T10:09:48","modified_gmt":"2017-10-09T13:09:48","slug":"calendario-da-temporada-de-praia-20152016","status":"publish","type":"post","link":"https:\/\/www.assef.org.br\/portalassef\/calendario-da-temporada-de-praia-20152016\/","title":{"rendered":"Calend\u00e1rio da Temporada de Praia 2015\/2016"},"content":{"rendered":"<h1 style=\"text-align: left;\"><a href=\"http:\/\/www.assef.org.br\/portalassef\/wp-content\/uploads\/2013\/10\/matinhos2014.jpg\"><img loading=\"lazy\" decoding=\"async\" class=\"alignleft size-thumbnail wp-image-1318\" src=\"http:\/\/www.assef.org.br\/portalassef\/wp-content\/uploads\/2013\/10\/matinhos2014-150x150.jpg\" alt=\"matinhos2016\" width=\"150\" height=\"150\"><\/a><\/h1>\n<h1 style=\"text-align: left;\">&nbsp;<strong>Inscri\u00e7\u00f5es<\/strong><strong> de Reservas a<span style=\"color: #ff0000;\"><em> partir de 20 de Outubro<\/em><\/span> de 2015<\/strong><\/h1>\n<p class=\"western\" align=\"justify\"><span style=\"font-family: Arial,sans-serif;\"><span style=\"font-size: large;\"><b>DEZEMBRO\/2015<\/b><\/span><\/span><\/p>\n<table style=\"height: 103px;\" cellspacing=\"0\" cellpadding=\"5\" width=\"600\">\n<colgroup>\n<col width=\"133\">\n<col width=\"278\"> <\/colgroup>\n<tbody>\n<tr>\n<td width=\"133\" valign=\"top\">\n<p class=\"western\" align=\"justify\">De 01 \u00e0 13<\/p>\n<\/td>\n<td width=\"278\">\n<p class=\"western\"><span style=\"font-size: small;\">PERIODO RESERVADO PARA EXCURS\u00d5ES (GRUPOS)<\/span><\/p>\n<\/td>\n<\/tr>\n<tr valign=\"top\">\n<td width=\"133\">\n<p class=\"western\" align=\"justify\">15\/12 \u00e0 20\/12<\/p>\n<\/td>\n<td width=\"278\">\n<p class=\"western\" align=\"justify\">3\u00aa Semana de Dezembro&nbsp; (6 di\u00e1rias)<\/p>\n<\/td>\n<\/tr>\n<tr valign=\"top\">\n<td width=\"133\">\n<p class=\"western\" align=\"justify\">22\/12 \u00e0 27\/12<\/p>\n<\/td>\n<td width=\"278\">\n<p class=\"western\" align=\"justify\">SEMANA DO NATAL (6 di\u00e1rias)<\/p>\n<p class=\"western\" align=\"right\"><strong><span style=\"font-size: small;\">(inscri\u00e7\u00f5es de 20\/10 \u00e0 15\/11\/2015) <\/span><span style=\"font-family: Arial,sans-serif;\">\u25ba<\/span><\/strong><\/p>\n<\/td>\n<\/tr>\n<\/tbody>\n<\/table>\n<p class=\"western\" align=\"justify\"><span style=\"font-family: Arial,sans-serif;\"><span style=\"font-size: large;\"><b>JANEIRO\/2016<\/b><\/span><\/span><\/p>\n<table style=\"height: 149px;\" cellspacing=\"0\" cellpadding=\"5\" width=\"598\">\n<colgroup>\n<col width=\"133\">\n<col width=\"278\"> <\/colgroup>\n<tbody>\n<tr valign=\"top\">\n<td width=\"133\">\n<p class=\"western\" align=\"justify\">29\/12\/2015 \u00e0 03\/01\/2016<\/p>\n<\/td>\n<td width=\"278\">\n<p class=\"western\" align=\"justify\">SEMANA DO ANO NOVO (6 di\u00e1rias)<\/p>\n<p class=\"western\" align=\"right\"><span style=\"font-size: small;\"><strong>(inscri\u00e7\u00f5es de 20\/10 \u00e0 15\/11\/2015)<\/strong> <\/span><span style=\"font-family: Arial,sans-serif;\">\u25ba<\/span><\/p>\n<\/td>\n<\/tr>\n<tr valign=\"top\">\n<td width=\"133\">\n<p class=\"western\" align=\"justify\">05\/01 \u00e0 10\/01<\/p>\n<\/td>\n<td width=\"278\">\n<p class=\"western\" align=\"justify\">2\u00aa Semana (6 di\u00e1rias)<\/p>\n<\/td>\n<\/tr>\n<tr valign=\"top\">\n<td width=\"133\">\n<p class=\"western\" align=\"justify\">12\/01 \u00e0 17\/01<\/p>\n<\/td>\n<td width=\"278\">\n<p class=\"western\" align=\"justify\">3\u00aa Semana (6 di\u00e1rias)<\/p>\n<\/td>\n<\/tr>\n<tr valign=\"top\">\n<td width=\"133\">\n<p class=\"western\" align=\"justify\">19\/01 \u00e0 24\/01<\/p>\n<\/td>\n<td width=\"278\">\n<p class=\"western\" align=\"justify\">4\u00aa Semana (6 di\u00e1rias)<\/p>\n<\/td>\n<\/tr>\n<tr valign=\"top\">\n<td width=\"133\">\n<p class=\"western\" align=\"justify\">26\/01 \u00e0 31\/01<\/p>\n<\/td>\n<td width=\"278\">\n<p class=\"western\" align=\"justify\">5\u00aa Semana (6 di\u00e1rias)<\/p>\n<\/td>\n<\/tr>\n<\/tbody>\n<\/table>\n<p class=\"western\" align=\"justify\"><span style=\"font-family: Arial,sans-serif;\"><span style=\"font-size: large;\"><b>FEVEREIRO\/2016<\/b><\/span><\/span><\/p>\n<table style=\"height: 112px;\" cellspacing=\"0\" cellpadding=\"5\" width=\"592\">\n<colgroup>\n<col width=\"133\">\n<col width=\"278\"> <\/colgroup>\n<tbody>\n<tr>\n<td width=\"133\" valign=\"top\">\n<p class=\"western\" align=\"justify\">02\/02 \u00e0 09\/02<\/p>\n<\/td>\n<td width=\"278\">\n<p class=\"western\">Semana do Carnaval (8 di\u00e1rias) )<span style=\"font-size: small;\"> (inscri\u00e7\u00f5es de 20\/10 \u00e0 15\/11\/2015)<\/span><\/p>\n<\/td>\n<\/tr>\n<tr>\n<td width=\"133\" valign=\"top\">\n<p class=\"western\" align=\"justify\">11\/02 \u00e0 14\/02<\/p>\n<\/td>\n<td width=\"278\">\n<p class=\"western\">Excurs\u00e3o P\u00f3s Carnaval \u2013 (Grupos) 2\u00aa semana<\/p>\n<\/td>\n<\/tr>\n<tr valign=\"top\">\n<td width=\"133\">\n<p class=\"western\" align=\"justify\">16\/02 \u00e0 21\/02<\/p>\n<\/td>\n<td width=\"278\">\n<p class=\"western\" align=\"justify\">3\u00aa semana (6 diarias)<\/p>\n<\/td>\n<\/tr>\n<tr valign=\"top\">\n<td width=\"133\" height=\"4\">\n<p class=\"western\">23\/02 \u00e0 28\/02<\/p>\n<\/td>\n<td width=\"278\">\n<p class=\"western\">4\u00aa semana (6 di\u00e1rias)<\/p>\n<\/td>\n<\/tr>\n<\/tbody>\n<\/table>\n<p class=\"western\" align=\"justify\"><span style=\"font-family: Arial,sans-serif;\"><span style=\"font-size: large;\"><b>MAR\u00c7O\/2016<\/b><\/span><\/span><\/p>\n<table style=\"height: 94px;\" cellspacing=\"0\" cellpadding=\"5\" width=\"590\">\n<colgroup>\n<col width=\"133\">\n<col width=\"278\"> <\/colgroup>\n<tbody>\n<tr valign=\"top\">\n<td width=\"133\">\n<p class=\"western\" align=\"justify\">01\/03 \u00e0 06\/03<\/p>\n<\/td>\n<td width=\"278\">\n<p class=\"western\" align=\"justify\">1\u00aa Semana (6 di\u00e1rias)<\/p>\n<\/td>\n<\/tr>\n<tr valign=\"top\">\n<td width=\"133\">\n<p class=\"western\" align=\"justify\">08\/03 \u00e0 13\/03<\/p>\n<\/td>\n<td width=\"278\">\n<p class=\"western\" align=\"justify\">2\u00aa Semana (6 di\u00e1rias)<\/p>\n<\/td>\n<\/tr>\n<tr valign=\"top\">\n<td width=\"133\">\n<p class=\"western\" align=\"justify\">15\/03 \u00e0 20\/03<\/p>\n<\/td>\n<td width=\"278\">\n<p class=\"western\" align=\"justify\">3\u00aa Semana (6 di\u00e1rias)<\/p>\n<\/td>\n<\/tr>\n<tr valign=\"top\">\n<td width=\"133\">\n<p class=\"western\" align=\"justify\">22\/03 \u00e0 27\/03<\/p>\n<\/td>\n<td width=\"278\">\n<p class=\"western\" align=\"justify\">Semana de excurs\u00e3o (p\u00e1scoa)<\/p>\n<\/td>\n<\/tr>\n<\/tbody>\n<\/table>\n<p class=\"western\" align=\"justify\"><span style=\"font-family: Arial,sans-serif;\"><span style=\"font-size: large;\"><b>VALORES:<\/b><\/span><\/span> <span style=\"font-family: Arial,sans-serif;\"><span style=\"font-size: large;\">hospedagem com caf\u00e9 da manh\u00e3, almo\u00e7o e jantar<\/span><\/span><\/p>\n<table style=\"height: 48px;\" cellspacing=\"0\" cellpadding=\"5\" width=\"591\">\n<colgroup>\n<col width=\"205\">\n<col width=\"206\"> <\/colgroup>\n<tbody>\n<tr valign=\"top\">\n<td width=\"205\">\n<p class=\"western\" align=\"justify\"><b>Associados e dependentes<\/b><\/p>\n<\/td>\n<td width=\"206\">\n<p class=\"western\" align=\"right\">R$ <b>50,00<\/b><\/p>\n<\/td>\n<\/tr>\n<tr valign=\"top\">\n<td width=\"205\">\n<p class=\"western\"><b>Crian\u00e7as de 04 \u00e0 09 anos<\/b><\/p>\n<\/td>\n<td width=\"206\">\n<p class=\"western\" align=\"right\">R$ <b>40,00<\/b><\/p>\n<\/td>\n<\/tr>\n<\/tbody>\n<\/table>\n<table style=\"height: 83px;\" cellspacing=\"0\" cellpadding=\"5\" width=\"590\">\n<colgroup>\n<col width=\"205\">\n<col width=\"206\"> <\/colgroup>\n<tbody>\n<tr>\n<td width=\"205\" valign=\"top\">\n<p class=\"western\">Parentes (filhos solteiros acima de 18 anos, genro, Nora, Primos, Sobrinhos, Cunhados, Sogra, Sogro, etc.)<\/p>\n<\/td>\n<td width=\"206\">\n<p class=\"western\" align=\"right\">R$ 70,00<\/p>\n<\/td>\n<\/tr>\n<tr valign=\"top\">\n<td width=\"205\">\n<p class=\"western\" align=\"justify\">Crian\u00e7as de 04 \u00e0 09 anos.<\/p>\n<\/td>\n<td width=\"206\">\n<p class=\"western\" align=\"right\">R$ 55,00<\/p>\n<\/td>\n<\/tr>\n<\/tbody>\n<\/table>\n<table style=\"height: 22px;\" cellspacing=\"0\" cellpadding=\"5\" width=\"589\">\n<colgroup>\n<col width=\"205\">\n<col width=\"206\"> <\/colgroup>\n<tbody>\n<tr valign=\"top\">\n<td width=\"205\">\n<p class=\"western\" align=\"justify\">N\u00e3o associados<\/p>\n<\/td>\n<td width=\"206\">\n<p class=\"western\" align=\"right\">R$ 100,00<\/p>\n<\/td>\n<\/tr>\n<tr valign=\"top\">\n<td width=\"205\">\n<p class=\"western\" align=\"justify\">Crian\u00e7as de 04 \u00e0 09 anos<\/p>\n<\/td>\n<td width=\"206\">\n<p class=\"western\" style=\"text-align: right;\" align=\"center\">R$ 80,00<\/p>\n<\/td>\n<\/tr>\n<\/tbody>\n<\/table>\n<p class=\"western\"><span style=\"font-family: Arial,sans-serif;\"><span style=\"font-size: small;\">Obs. para quem entrar na 2\u00aa feira ap\u00f3s as 18:00 horas ser\u00e1 cobrado pernoite nos valores:<\/span><\/span><\/p>\n<table cellspacing=\"0\" cellpadding=\"5\" width=\"433\">\n<colgroup>\n<col width=\"205\">\n<col width=\"206\"> <\/colgroup>\n<tbody>\n<tr valign=\"top\">\n<td width=\"205\">\n<p class=\"western\" align=\"justify\"><span style=\"font-size: small;\">Associado e Dependente <\/span><\/p>\n<\/td>\n<td width=\"206\">\n<p class=\"western\" align=\"right\"><strong><span style=\"font-size: small;\">R$ 15,00<\/span><\/strong><\/p>\n<\/td>\n<\/tr>\n<tr valign=\"top\">\n<td width=\"205\">\n<p class=\"western\" align=\"justify\"><span style=\"font-size: small;\">Parente <\/span><\/p>\n<\/td>\n<td width=\"206\">\n<p class=\"western\" align=\"right\"><span style=\"font-size: small;\">R$ 25,00<\/span><\/p>\n<\/td>\n<\/tr>\n<tr valign=\"top\">\n<td width=\"205\">\n<p class=\"western\" align=\"justify\"><span style=\"font-size: small;\">N\u00e3o S\u00f3cio <\/span><\/p>\n<\/td>\n<td width=\"206\">\n<p class=\"western\" align=\"right\"><span style=\"font-size: small;\">R$ 30,00<\/span><\/p>\n<\/td>\n<\/tr>\n<\/tbody>\n<\/table>\n<p class=\"western\"><span style=\"font-family: Arial,sans-serif;\">As inscri\u00e7\u00f5es dever\u00e3o ser feitas atrav\u00e9s do site <\/span><span style=\"color: #0000ff;\"><u><a href=\"http:\/\/WWW.assef.org.br\/\"><span style=\"font-family: Arial,sans-serif;\">www.assef.org.br<\/span><\/a><\/u><\/span><span style=\"font-family: Arial,sans-serif;\"> (menu Reserva 2015-2016) ou dos telefones 41\u20133333-7622 e 0800 600 7622 \u2013 C\/ Rosangela e Pedro.<strong> <span style=\"color: #ff0000;\">Inscri\u00e7\u00e3o somente a partir do dia 20 de Outubro<\/span>.<\/strong><\/span><\/p>\n<p class=\"western\" align=\"justify\">\u25ba <span style=\"font-family: Arial,sans-serif;\">O sorteio das inscri\u00e7\u00f5es para o Ano Novo e Carnaval, ser\u00e1 realizado na Assembl\u00e9ia de Presta\u00e7\u00e3o de Contas dia <\/span><span style=\"font-family: Arial,sans-serif;\"><b>28 <\/b><\/span><span style=\"font-family: Arial,sans-serif;\">de <\/span><span style=\"font-family: Arial,sans-serif;\"><b>novembro<\/b><\/span><span style=\"font-family: Arial,sans-serif;\"> de <\/span><span style=\"font-family: Arial,sans-serif;\"><b>2015<\/b><\/span><span style=\"font-family: Arial,sans-serif;\">.<\/span><\/p>\n<p>&nbsp;<\/p>\n<p>&nbsp;<\/p>\n<blockquote>\n<div>&nbsp;<\/div>\n<div>Op\u00e7\u00e3o de Inscri\u00e7\u00e3o pela internet, somente a partir do dia 20&nbsp;de Outubro, 2015 at\u00e9 15 de Novembro de 2015.<\/div>\n<div>&nbsp;<\/div>\n<div>&nbsp;<\/div>\n<h1>Ligue 0800-600-7622 durante a semana das 8:30 as 16:30<\/h1>\n<h1 style=\"text-align: center;\"><a href=\"http:\/\/prereserva.assef.org.br\/\"><strong>Clique AQUI para acessar o<\/strong><\/a><\/h1>\n<h1 style=\"text-align: center;\"><a href=\"http:\/\/prereserva.assef.org.br\/\"><strong>Formul\u00e1rio de Inscri\u00e7\u00e3o ON LINE<\/strong><\/a><\/h1>\n<pre><strong>COMPAT\u00cdVEL COM O NAVEGADOR FIREFOX ,NAVEGADOR OPERA, NAVEGADOR GOOGLE CHROME\r\n<\/strong><em> INTERNET EXPLORER COM PROBLEMAS <\/em>\r\n<\/pre>\n<h1 style=\"text-align: right;\"><a href=\"http:\/\/prereserva.assef.org.br\/\"><img loading=\"lazy\" decoding=\"async\" class=\"aligncenter wp-image-2032\" src=\"http:\/\/www.assef.org.br\/portalassef\/wp-content\/uploads\/2014\/10\/preinscricao.jpeg\" alt=\"preinscricao\" width=\"189\" height=\"71\" srcset=\"https:\/\/www.assef.org.br\/portalassef\/wp-content\/uploads\/2014\/10\/preinscricao.jpeg 320w, https:\/\/www.assef.org.br\/portalassef\/wp-content\/uploads\/2014\/10\/preinscricao-300x112.jpeg 300w\" sizes=\"(max-width: 189px) 100vw, 189px\" \/><\/a><\/h1>\n<\/blockquote>\n<h3>&nbsp;<\/h3>\n<h3><a href=\"http:\/\/www.assef.org.br\/portalassef\/wp-content\/uploads\/2015\/10\/CALENDARIO-DA-TEMPORADA-DE-PRAIA-2015-2016.pdf\">Clique aqui para Mostrar Calend\u00e1rio em PDF recomendado para impress\u00e3o<\/a><\/h3>\n<p><a title=\"calendario da temporada 2014-2015 em pdf\" href=\"http:\/\/www.assef.org.br\/portalassef\/wp-content\/uploads\/2015\/10\/CALENDARIO-DA-TEMPORADA-DE-PRAIA-2015-2016.pdf\" target=\"_blank\" rel=\"noopener\"><img loading=\"lazy\" decoding=\"async\" class=\"aligncenter\" title=\"baixarpdf\" src=\"http:\/\/www.assef.org.br\/portalassef\/wp-content\/uploads\/2012\/10\/baixarpdf.jpg\" alt=\"\" width=\"250\" height=\"105\"><\/a><\/p>\n","protected":false},"excerpt":{"rendered":"<p>&nbsp;Inscri\u00e7\u00f5es de Reservas a partir de 20 de Outubro de 2015 DEZEMBRO\/2015 De 01 \u00e0 13 PERIODO RESERVADO PARA EXCURS\u00d5ES (GRUPOS) 15\/12 \u00e0 20\/12 3\u00aa Semana de Dezembro&nbsp; (6 di\u00e1rias) 22\/12 \u00e0 27\/12 SEMANA DO NATAL (6 di\u00e1rias) (inscri\u00e7\u00f5es de 20\/10 \u00e0 15\/11\/2015) \u25ba JANEIRO\/2016 29\/12\/2015 \u00e0 03\/01\/2016 SEMANA DO ANO NOVO (6 di\u00e1rias) (inscri\u00e7\u00f5es &hellip; <\/p>\n<p><a class=\"more-link btn\" href=\"https:\/\/www.assef.org.br\/portalassef\/calendario-da-temporada-de-praia-20152016\/\">Continue lendo<\/a><\/p>\n","protected":false},"author":2,"featured_media":1318,"comment_status":"closed","ping_status":"open","sticky":false,"template":"","format":"standard","meta":{"_monsterinsights_skip_tracking":false,"_monsterinsights_sitenote_active":false,"_monsterinsights_sitenote_note":"","_monsterinsights_sitenote_category":0,"_uf_show_specific_survey":0,"_uf_disable_surveys":false,"ngg_post_thumbnail":0,"footnotes":""},"categories":[1,62],"tags":[53,51,54,86],"aioseo_notices":[],"_links":{"self":[{"href":"https:\/\/www.assef.org.br\/portalassef\/wp-json\/wp\/v2\/posts\/3126"}],"collection":[{"href":"https:\/\/www.assef.org.br\/portalassef\/wp-json\/wp\/v2\/posts"}],"about":[{"href":"https:\/\/www.assef.org.br\/portalassef\/wp-json\/wp\/v2\/types\/post"}],"author":[{"embeddable":true,"href":"https:\/\/www.assef.org.br\/portalassef\/wp-json\/wp\/v2\/users\/2"}],"replies":[{"embeddable":true,"href":"https:\/\/www.assef.org.br\/portalassef\/wp-json\/wp\/v2\/comments?post=3126"}],"version-history":[{"count":18,"href":"https:\/\/www.assef.org.br\/portalassef\/wp-json\/wp\/v2\/posts\/3126\/revisions"}],"predecessor-version":[{"id":5501,"href":"https:\/\/www.assef.org.br\/portalassef\/wp-json\/wp\/v2\/posts\/3126\/revisions\/5501"}],"wp:featuredmedia":[{"embeddable":true,"href":"https:\/\/www.assef.org.br\/portalassef\/wp-json\/wp\/v2\/media\/1318"}],"wp:attachment":[{"href":"https:\/\/www.assef.org.br\/portalassef\/wp-json\/wp\/v2\/media?parent=3126"}],"wp:term":[{"taxonomy":"category","embeddable":true,"href":"https:\/\/www.assef.org.br\/portalassef\/wp-json\/wp\/v2\/categories?post=3126"},{"taxonomy":"post_tag","embeddable":true,"href":"https:\/\/www.assef.org.br\/portalassef\/wp-json\/wp\/v2\/tags?post=3126"}],"curies":[{"name":"wp","href":"https:\/\/api.w.org\/{rel}","templated":true}]}}