{"id":3150,"date":"2015-11-12T12:59:55","date_gmt":"2015-11-12T15:59:55","guid":{"rendered":"http:\/\/www.assef.org.br\/portalassef\/?p=3150"},"modified":"2017-11-01T08:59:15","modified_gmt":"2017-11-01T11:59:15","slug":"convocacao-de-assembleia-para-28-de-novembro-de-2015","status":"publish","type":"post","link":"https:\/\/www.assef.org.br\/portalassef\/convocacao-de-assembleia-para-28-de-novembro-de-2015\/","title":{"rendered":"Convoca\u00e7\u00e3o de assembl\u00e9ia para 28 de novembro de 2015"},"content":{"rendered":"<p class=\"western\" align=\"center\"><span style=\"font-size: medium;\"><span style=\"font-family: Arial,sans-serif;\"><span style=\"font-size: large;\"><u><b><a href=\"http:\/\/www.assef.org.br\/portalassef\/wp-content\/uploads\/2015\/06\/2015_edital_imagem.png\"><img loading=\"lazy\" decoding=\"async\" class=\"alignleft size-full wp-image-3078\" src=\"http:\/\/www.assef.org.br\/portalassef\/wp-content\/uploads\/2015\/06\/2015_edital_imagem.png\" alt=\"2015_edital_imagem\" width=\"188\" height=\"122\"><\/a>EDITAL DE CONVOCA\u00c7\u00c3O N\u00ba 02\/15<\/b><\/u><\/span><\/span><\/span><\/p>\n<p class=\"western\" align=\"justify\"><span style=\"font-size: medium;\"><span style=\"font-family: Arial,sans-serif;\"><span style=\"font-size: large;\">O Presidente da ASSEF, no uso de suas atribui\u00e7\u00f5es legais contidas no Estatuto, artigo 15\u00ba, inciso I, convoca todos os associados em pleno gozo de seus direitos estatut\u00e1rios, para Assembleia Geral Ordin\u00e1ria, a realizar-se no dia <\/span><\/span><span style=\"font-family: Arial,sans-serif;\"><span style=\"font-size: large;\"><b>28\/11\/15<\/b><\/span><\/span><span style=\"font-family: Arial,sans-serif;\"><span style=\"font-size: large;\">, no Audit\u00f3rio Ailton Gilmar de Castro Macedo, sito a rua Bras\u00edlio Itiber\u00ea, 2895, em Curitiba, com primeira chamada as <\/span><\/span><span style=\"font-family: Arial,sans-serif;\"><span style=\"font-size: large;\"><b>08:00<\/b><\/span><\/span><span style=\"font-family: Arial,sans-serif;\"><span style=\"font-size: large;\"> horas com presen\u00e7a de 1% dos associados, e segunda chamada as <\/span><\/span><span style=\"font-family: Arial,sans-serif;\"><span style=\"font-size: large;\"><b>08:30<\/b><\/span><\/span><span style=\"font-family: Arial,sans-serif;\"><span style=\"font-size: large;\"> horas, com o n\u00famero de associados que estiverem presentes, para deliberar sobre a seguinte ordem do dia:<\/span><\/span><\/span><\/p>\n<p class=\"western\" align=\"justify\"><span style=\"font-size: medium;\"><span style=\"font-family: Arial,sans-serif;\"><span style=\"font-size: large;\">1\u00ba &#8211; Presta\u00e7\u00e3o de Contas do per\u00edodo de <\/span><\/span><span style=\"font-family: Arial,sans-serif;\"><span style=\"font-size: large;\"><u><b>Abril \u00e0 Setembro de 2015.<\/b><\/u><\/span><\/span> <\/span><\/p>\n<p class=\"western\" align=\"justify\"><span style=\"font-size: medium;\"><span style=\"font-family: Arial,sans-serif;\"><span style=\"font-size: large;\">2\u00ba &#8211; Sorteio das inscri\u00e7\u00f5es para temporada de praia para o per\u00edodo de ano novo e carnaval.<\/span><\/span><\/span><\/p>\n<p class=\"western\" align=\"justify\"><span style=\"font-size: medium;\"><span style=\"font-family: Arial,sans-serif;\"><span style=\"font-size: large;\">Curitiba, 12 de Novembro de 2015.<\/span><\/span><\/span><\/p>\n<p class=\"western\" align=\"center\"><span style=\"font-family: Arial,sans-serif;\"><span style=\"font-size: large;\">Celso Wilson Santini<\/span><\/span><\/p>\n<p class=\"western\" align=\"center\"><span style=\"font-family: Arial,sans-serif;\"><span style=\"font-size: large;\">Presidente<\/span><\/span><\/p>\n<p class=\"western\" align=\"justify\"><span style=\"font-size: medium;\"><span style=\"font-family: Arial,sans-serif;\"><span style=\"font-size: large;\"><b>Obs. para o interior do Estado, ser\u00e1 liberado 02 (duas) passagens de \u00f4nibus convencional por Regional e Hospital.<\/b><\/span><\/span><\/span><\/p>\n<p class=\"western\" align=\"justify\">\u201c<span style=\"font-size: medium;\"><span style=\"font-family: Arial,sans-serif;\"><span style=\"font-size: large;\"><b>favor confirmar presen\u00e7a at\u00e9 o dia \u201c26\/11\/15\u201d.<\/b><\/span><\/span><\/span><\/p>\n<p>baixar arquivo do Edital de convoca\u00e7\u00e3o em formato PDF, clique na imagem abaixo<\/p>\n<p>&nbsp;<\/p>\n<p><a title=\"Download de EDITAL em PDF\" href=\"http:\/\/www.assef.org.br\/portalassef\/wp-content\/uploads\/2015\/11\/Editais_ASSEF_02_2015b.pdf\" target=\"_blank\" rel=\"noopener\"><img loading=\"lazy\" decoding=\"async\" class=\"aligncenter size-thumbnail wp-image-1169\" src=\"http:\/\/www.assef.org.br\/portalassef\/wp-content\/uploads\/2013\/05\/baixar_formato_pdf_3-150x150.jpg\" alt=\"baixar_formato_pdf_3\" width=\"150\" height=\"150\" srcset=\"https:\/\/www.assef.org.br\/portalassef\/wp-content\/uploads\/2013\/05\/baixar_formato_pdf_3-150x150.jpg 150w, https:\/\/www.assef.org.br\/portalassef\/wp-content\/uploads\/2013\/05\/baixar_formato_pdf_3.jpg 163w\" sizes=\"(max-width: 150px) 100vw, 150px\" \/><\/a><\/p>\n","protected":false},"excerpt":{"rendered":"<p>EDITAL DE CONVOCA\u00c7\u00c3O N\u00ba 02\/15 O Presidente da ASSEF, no uso de suas atribui\u00e7\u00f5es legais contidas no Estatuto, artigo 15\u00ba, inciso I, convoca todos os associados em pleno gozo de seus direitos estatut\u00e1rios, para Assembleia Geral Ordin\u00e1ria, a realizar-se no dia 28\/11\/15, no Audit\u00f3rio Ailton Gilmar de Castro Macedo, sito a rua Bras\u00edlio Itiber\u00ea, 2895, &hellip; <\/p>\n<p><a class=\"more-link btn\" href=\"https:\/\/www.assef.org.br\/portalassef\/convocacao-de-assembleia-para-28-de-novembro-de-2015\/\">Continue lendo<\/a><\/p>\n","protected":false},"author":7,"featured_media":3078,"comment_status":"closed","ping_status":"open","sticky":false,"template":"","format":"standard","meta":{"_monsterinsights_skip_tracking":false,"_monsterinsights_sitenote_active":false,"_monsterinsights_sitenote_note":"","_monsterinsights_sitenote_category":0,"_uf_show_specific_survey":0,"_uf_disable_surveys":false,"ngg_post_thumbnail":0,"footnotes":""},"categories":[33,1],"tags":[24,42],"aioseo_notices":[],"_links":{"self":[{"href":"https:\/\/www.assef.org.br\/portalassef\/wp-json\/wp\/v2\/posts\/3150"}],"collection":[{"href":"https:\/\/www.assef.org.br\/portalassef\/wp-json\/wp\/v2\/posts"}],"about":[{"href":"https:\/\/www.assef.org.br\/portalassef\/wp-json\/wp\/v2\/types\/post"}],"author":[{"embeddable":true,"href":"https:\/\/www.assef.org.br\/portalassef\/wp-json\/wp\/v2\/users\/7"}],"replies":[{"embeddable":true,"href":"https:\/\/www.assef.org.br\/portalassef\/wp-json\/wp\/v2\/comments?post=3150"}],"version-history":[{"count":8,"href":"https:\/\/www.assef.org.br\/portalassef\/wp-json\/wp\/v2\/posts\/3150\/revisions"}],"predecessor-version":[{"id":5612,"href":"https:\/\/www.assef.org.br\/portalassef\/wp-json\/wp\/v2\/posts\/3150\/revisions\/5612"}],"wp:featuredmedia":[{"embeddable":true,"href":"https:\/\/www.assef.org.br\/portalassef\/wp-json\/wp\/v2\/media\/3078"}],"wp:attachment":[{"href":"https:\/\/www.assef.org.br\/portalassef\/wp-json\/wp\/v2\/media?parent=3150"}],"wp:term":[{"taxonomy":"category","embeddable":true,"href":"https:\/\/www.assef.org.br\/portalassef\/wp-json\/wp\/v2\/categories?post=3150"},{"taxonomy":"post_tag","embeddable":true,"href":"https:\/\/www.assef.org.br\/portalassef\/wp-json\/wp\/v2\/tags?post=3150"}],"curies":[{"name":"wp","href":"https:\/\/api.w.org\/{rel}","templated":true}]}}