{"id":3152,"date":"2015-11-12T13:03:52","date_gmt":"2015-11-12T16:03:52","guid":{"rendered":"http:\/\/www.assef.org.br\/portalassef\/?p=3152"},"modified":"2017-08-09T13:14:22","modified_gmt":"2017-08-09T16:14:22","slug":"convocacao-de-assembleia-de-posse-gestao-2015-2019","status":"publish","type":"post","link":"https:\/\/www.assef.org.br\/portalassef\/convocacao-de-assembleia-de-posse-gestao-2015-2019\/","title":{"rendered":"Convoca\u00e7\u00e3o de Assembl\u00e9ia de posse Gest\u00e3o 2015-2019"},"content":{"rendered":"<p><a href=\"http:\/\/www.assef.org.br\/portalassef\/wp-content\/uploads\/2015\/06\/2015_edital_imagem.png\"><img loading=\"lazy\" decoding=\"async\" class=\"alignleft size-full wp-image-3078\" src=\"http:\/\/www.assef.org.br\/portalassef\/wp-content\/uploads\/2015\/06\/2015_edital_imagem.png\" alt=\"2015_edital_imagem\" width=\"188\" height=\"122\"><\/a><strong>EDITAL DE CONVOCA\u00c7\u00c3O N\u00ba 02\/15<\/strong><\/p>\n<p>A COMISSAO ELEITORAL, eleita em Assembl\u00e9ia Geral Ordin\u00e1ria da Associa\u00e7\u00e3o dos Servidores do Sistema \u00danico de Sa\u00fade no Estado do Paran\u00e1 \u2013 ASSEF- convoca todos os associados em pleno gozo de seus direitos estatut\u00e1rios, para Assembl\u00e9ia Geral Ordin\u00e1ria, a realizar-se no dia <strong>28\/11\/15<\/strong>, no Audit\u00f3rio Ailton Gilmar de Castro Macedo, sito a rua Brasilio Itiber\u00ea, 2895, em Curitiba, com chamada \u00fanica as<strong> 10:00 horas,<\/strong> para deliberar sobre a seguinte ordem do dia:<\/p>\n<p>&nbsp;<\/p>\n<p>&nbsp;<\/p>\n<blockquote><p>1\u00ba &#8211; Posse da Diretoria Geral e respectivos Conselhos Fiscal e de \u00c9tica da Assef, para a gest\u00e3o de 28 de novembro de 2015 a 28 de novembro de 2019.<\/p><\/blockquote>\n<p>&nbsp;<\/p>\n<p>Curitiba, 12 de Novembro de 2015.<\/p>\n<p>Jair Ferreira de S\u00e1<\/p>\n<p>Presidente da Comiss\u00e3o Eleitoral<\/p>\n","protected":false},"excerpt":{"rendered":"<p>EDITAL DE CONVOCA\u00c7\u00c3O N\u00ba 02\/15 A COMISSAO ELEITORAL, eleita em Assembl\u00e9ia Geral Ordin\u00e1ria da Associa\u00e7\u00e3o dos Servidores do Sistema \u00danico de Sa\u00fade no Estado do Paran\u00e1 \u2013 ASSEF- convoca todos os associados em pleno gozo de seus direitos estatut\u00e1rios, para Assembl\u00e9ia Geral Ordin\u00e1ria, a realizar-se no dia 28\/11\/15, no Audit\u00f3rio Ailton Gilmar de Castro Macedo, &hellip; <\/p>\n<p><a class=\"more-link btn\" href=\"https:\/\/www.assef.org.br\/portalassef\/convocacao-de-assembleia-de-posse-gestao-2015-2019\/\">Continue lendo<\/a><\/p>\n","protected":false},"author":7,"featured_media":3078,"comment_status":"closed","ping_status":"open","sticky":false,"template":"","format":"standard","meta":{"_monsterinsights_skip_tracking":false,"_monsterinsights_sitenote_active":false,"_monsterinsights_sitenote_note":"","_monsterinsights_sitenote_category":0,"_uf_show_specific_survey":0,"_uf_disable_surveys":false,"ngg_post_thumbnail":0,"footnotes":""},"categories":[33,81,21],"tags":[],"aioseo_notices":[],"_links":{"self":[{"href":"https:\/\/www.assef.org.br\/portalassef\/wp-json\/wp\/v2\/posts\/3152"}],"collection":[{"href":"https:\/\/www.assef.org.br\/portalassef\/wp-json\/wp\/v2\/posts"}],"about":[{"href":"https:\/\/www.assef.org.br\/portalassef\/wp-json\/wp\/v2\/types\/post"}],"author":[{"embeddable":true,"href":"https:\/\/www.assef.org.br\/portalassef\/wp-json\/wp\/v2\/users\/7"}],"replies":[{"embeddable":true,"href":"https:\/\/www.assef.org.br\/portalassef\/wp-json\/wp\/v2\/comments?post=3152"}],"version-history":[{"count":5,"href":"https:\/\/www.assef.org.br\/portalassef\/wp-json\/wp\/v2\/posts\/3152\/revisions"}],"predecessor-version":[{"id":5469,"href":"https:\/\/www.assef.org.br\/portalassef\/wp-json\/wp\/v2\/posts\/3152\/revisions\/5469"}],"wp:featuredmedia":[{"embeddable":true,"href":"https:\/\/www.assef.org.br\/portalassef\/wp-json\/wp\/v2\/media\/3078"}],"wp:attachment":[{"href":"https:\/\/www.assef.org.br\/portalassef\/wp-json\/wp\/v2\/media?parent=3152"}],"wp:term":[{"taxonomy":"category","embeddable":true,"href":"https:\/\/www.assef.org.br\/portalassef\/wp-json\/wp\/v2\/categories?post=3152"},{"taxonomy":"post_tag","embeddable":true,"href":"https:\/\/www.assef.org.br\/portalassef\/wp-json\/wp\/v2\/tags?post=3152"}],"curies":[{"name":"wp","href":"https:\/\/api.w.org\/{rel}","templated":true}]}}