{"id":319,"date":"2011-09-10T14:24:35","date_gmt":"2011-09-10T17:24:35","guid":{"rendered":"http:\/\/www.assef.org.br\/portalassef\/?p=319"},"modified":"2017-11-01T08:55:05","modified_gmt":"2017-11-01T11:55:05","slug":"calendario-da-temporada-de-praia-20112012","status":"publish","type":"post","link":"https:\/\/www.assef.org.br\/portalassef\/calendario-da-temporada-de-praia-20112012\/","title":{"rendered":"Calendario da Temporada de Praia 2011\/2012"},"content":{"rendered":"<p style=\"text-align: justify;\">Caros associados; programem-se para a temporada de praia na colonia de f\u00e9rias da Assef. Pedimos que antes de ligar para fazer sua inscri\u00e7\u00e3o, verificar as datas no calend\u00e1rio para que a liga\u00e7\u00e3o seja o mais r\u00e1pido poss\u00edvel, dando oportunidade para os demais associados tamb\u00e9m fazerem as suas inscri\u00e7\u00f5es. Desejamos a todos uma boa temporada, sempre lembrando que aproveitem o m\u00e1ximo que puderem, por\u00e9m com muita responsabilidade e seguran\u00e7a.<\/p>\n<p>a dire\u00e7\u00e3o<\/p>\n<p>______________________________________________________________________<\/p>\n<p>CALENDARIO DA TEMPORADA DE PRAIA 2011\/2012<br \/>\nRESERVAS A PARTIR DE 20\/10\/2011<\/p>\n<p>DEZEMBRO\/2011<\/p>\n<p>de 01 \u00e0 18 &#8211; Periodo reservado para excurs\u00f5es (grupos)<\/p>\n<p>20\/12 \u00e0 25\/12 &#8211; Semana do Natal<br \/>\n_____________________________________________________________________<\/p>\n<p>JANEIRO\/2012<\/p>\n<p>27\/12\/11 \u00e0 01\/01\/2012 &#8211; Ano Novo(inscri\u00e7\u00f5es de 20\/10 \u00e0 20\/11\/11)<\/p>\n<p>03\/01 \u00e0 08\/01 &#8211; 10\/01 \u00e0 15\/01 &#8211; 17\/01 \u00e0 22\/01 &#8211; 24\/01 \u00e0 29\/01<br \/>\n_____________________________________________________________________<\/p>\n<p>FEVEREIRO\/2012<\/p>\n<p>31\/01 \u00e0 05\/02 &#8211; 07\/02 \u00e0 12\/02<\/p>\n<p>14\/02 \u00e0 21\/02 &#8211; Semana do Carnaval (inscri\u00e7\u00f5es de 20\/10 \u00e0 20\/11\/11)<\/p>\n<p>23\/02 \u00e0 26\/02 &#8211; Periodo Reservado para Excurs\u00f5es (grupos)<\/p>\n<p>28\/02 \u00e0 04\/03<br \/>\n_____________________________________________________________________<\/p>\n<p>MAR\u00c7O\/2012<\/p>\n<p>06\/03 \u00e0 11\/03 &#8211; 13\/03 \u00e0 18\/03 &#8211; 20\/03 \u00e0 25\/03 &#8211; 27\/03 \u00e0 01\/04<\/p>\n<p>_______________________________________________________<\/p>\n<p>VALORES: hospedagem com caf\u00e9 da manh\u00e3, almo\u00e7o e jantar<\/p>\n<p>Associados e dependentesR$ 32,00<\/p>\n<table border=\"1\">\n<tbody>\n<tr>\n<td bgcolor=\"#FFFF00\">Crian\u00e7as de 04 \u00e0 09 anos<\/td>\n<td bgcolor=\"#FFFF00\">R$ 27,00<\/td>\n<td bgcolor=\"#BEBEBE\">PARENTES(filhos solteiros acima de 18 anos, genro,nora, primos, sobrinhos, sogros,etc.)<\/td>\n<td bgcolor=\"#BEBEBE\">R$ 42,00<\/td>\n<td bgcolor=\"#BEBEBE\">Crian\u00e7as de 04 \u00e0 09 anos<\/td>\n<td bgcolor=\"#BEBEBE\">R$ 32,00<\/td>\n<td bgcolor=\"#FF0000\">N\u00e3o associados<\/td>\n<td bgcolor=\"#FF0000\">R$ 55,00<\/td>\n<td bgcolor=\"#FF0000\">Crian\u00e7as de 04 \u00e0 09 anos<\/td>\n<td bgcolor=\"#FF0000\">R$ 45,00<\/td>\n<\/tr>\n<\/tbody>\n<\/table>\n<p>__________________________________________________________<\/p>\n<p>obs. as inscri\u00e7\u00f5es dever\u00e3o ser feitas atrav\u00e9s do email assef2000@terra.com.br e dos telefones 41-3333 7622 ou 0800 600 7622 &#8211; c\/ Rosangela e Pedro.<\/p>\n<p>O sorteio das inscri\u00e7\u00f5es para o Ano Novo e Carnaval, ser\u00e1 realizado na Assembl\u00e9ia de Presta\u00e7\u00e3o de Contas, dia 26 de Novembro de 2011.<\/p>\n","protected":false},"excerpt":{"rendered":"<p>Caros associados; programem-se para a temporada de praia na colonia de f\u00e9rias da Assef. Pedimos que antes de ligar para fazer sua inscri\u00e7\u00e3o, verificar as datas no calend\u00e1rio para que a liga\u00e7\u00e3o seja o mais r\u00e1pido poss\u00edvel, dando oportunidade para os demais associados tamb\u00e9m fazerem as suas inscri\u00e7\u00f5es. Desejamos a todos uma boa temporada, sempre &hellip; <\/p>\n<p><a class=\"more-link btn\" href=\"https:\/\/www.assef.org.br\/portalassef\/calendario-da-temporada-de-praia-20112012\/\">Continue lendo<\/a><\/p>\n","protected":false},"author":1,"featured_media":0,"comment_status":"closed","ping_status":"open","sticky":false,"template":"","format":"standard","meta":{"_monsterinsights_skip_tracking":false,"_monsterinsights_sitenote_active":false,"_monsterinsights_sitenote_note":"","_monsterinsights_sitenote_category":0,"_uf_show_specific_survey":0,"_uf_disable_surveys":false,"ngg_post_thumbnail":0,"footnotes":""},"categories":[23,1,62],"tags":[],"aioseo_notices":[],"_links":{"self":[{"href":"https:\/\/www.assef.org.br\/portalassef\/wp-json\/wp\/v2\/posts\/319"}],"collection":[{"href":"https:\/\/www.assef.org.br\/portalassef\/wp-json\/wp\/v2\/posts"}],"about":[{"href":"https:\/\/www.assef.org.br\/portalassef\/wp-json\/wp\/v2\/types\/post"}],"author":[{"embeddable":true,"href":"https:\/\/www.assef.org.br\/portalassef\/wp-json\/wp\/v2\/users\/1"}],"replies":[{"embeddable":true,"href":"https:\/\/www.assef.org.br\/portalassef\/wp-json\/wp\/v2\/comments?post=319"}],"version-history":[{"count":8,"href":"https:\/\/www.assef.org.br\/portalassef\/wp-json\/wp\/v2\/posts\/319\/revisions"}],"predecessor-version":[{"id":5610,"href":"https:\/\/www.assef.org.br\/portalassef\/wp-json\/wp\/v2\/posts\/319\/revisions\/5610"}],"wp:attachment":[{"href":"https:\/\/www.assef.org.br\/portalassef\/wp-json\/wp\/v2\/media?parent=319"}],"wp:term":[{"taxonomy":"category","embeddable":true,"href":"https:\/\/www.assef.org.br\/portalassef\/wp-json\/wp\/v2\/categories?post=319"},{"taxonomy":"post_tag","embeddable":true,"href":"https:\/\/www.assef.org.br\/portalassef\/wp-json\/wp\/v2\/tags?post=319"}],"curies":[{"name":"wp","href":"https:\/\/api.w.org\/{rel}","templated":true}]}}