{"id":397,"date":"2010-11-06T16:59:59","date_gmt":"2010-11-06T19:59:59","guid":{"rendered":"http:\/\/www.assef.org.br\/portalassef\/?p=397"},"modified":"2012-10-05T16:58:36","modified_gmt":"2012-10-05T19:58:36","slug":"final-3o-fevama-209","status":"publish","type":"post","link":"https:\/\/www.assef.org.br\/portalassef\/final-3o-fevama-209\/","title":{"rendered":"FinaI 3\u00ba FEVAMA"},"content":{"rendered":"<p style=\"text-align: justify;\"><a href=\"http:\/\/www.assef.org.br\/portalassef\/wp-content\/uploads\/2010\/11\/DSC02892.jpg\"><img loading=\"lazy\" decoding=\"async\" class=\"alignleft size-thumbnail wp-image-471\" title=\"FINAL 3\u00ba FEVAMA \" src=\"http:\/\/www.assef.org.br\/portalassef\/wp-content\/uploads\/2010\/11\/DSC02892-150x150.jpg\" alt=\"FINAL 3\u00ba FEVAMA\" width=\"150\" height=\"150\" \/><\/a>Chegamos ao final de mais um evento da Assef. O 3\u00ba Fevama realizado em varias cidades em suas eliminat\u00f3rias e a grande final\u00edssima na cidade de Matinhos dia 06 de Novembro. Teve todos os melhores ingredientes poss\u00edveis neste dia, sol brilhando, calor, confraterniza\u00e7\u00e3o entre os associados e familiares, disputa ponto a ponto nas modalidades e no final a alegria e a satisfa\u00e7\u00e3o de mais um dever cumprido por parte da diretoria. Parabenizamos todos, e quando digo todos, estou-me referindo a Guarapuava, Ponta Grossa, Curitiba, Litoral, Umuarama, Jacarezinho, Apucarana, e principalmente aos finalistas que s\u00e3o por ordem, Irati, Lapa, Maring\u00e1, Cascavel e Londrina. Como foi dito na entrega da premia\u00e7\u00e3o da Final, somente um sagrou-se campe\u00e3o geral, e o grande campe\u00e3o foi CASCAVEL, mas no nosso cora\u00e7\u00e3o, podem ter a certeza que todos somos vencedores, pois com nossa participa\u00e7\u00e3o, engrandecemos e fortalecemos a nossa Assef. Valeu mais uma vez e at\u00e9 a pr\u00f3xima com certeza.<\/p>\n<p style=\"text-align: justify;\">Um abra\u00e7o a todos, da Diretoria Esportiva e Executiva.<\/p>\n","protected":false},"excerpt":{"rendered":"<p>Chegamos ao final de mais um evento da Assef. O 3\u00ba Fevama realizado em varias cidades em suas eliminat\u00f3rias e a grande final\u00edssima na cidade de Matinhos dia 06 de Novembro. Teve todos os melhores ingredientes poss\u00edveis neste dia, sol brilhando, calor, confraterniza\u00e7\u00e3o entre os associados e familiares, disputa ponto a ponto nas modalidades e &hellip; <\/p>\n<p><a class=\"more-link btn\" href=\"https:\/\/www.assef.org.br\/portalassef\/final-3o-fevama-209\/\">Continue lendo<\/a><\/p>\n","protected":false},"author":1,"featured_media":0,"comment_status":"closed","ping_status":"open","sticky":false,"template":"","format":"standard","meta":{"_monsterinsights_skip_tracking":false,"_monsterinsights_sitenote_active":false,"_monsterinsights_sitenote_note":"","_monsterinsights_sitenote_category":0,"_uf_show_specific_survey":0,"_uf_disable_surveys":false,"ngg_post_thumbnail":0,"footnotes":""},"categories":[28,1,18,17],"tags":[47,51],"aioseo_notices":[],"_links":{"self":[{"href":"https:\/\/www.assef.org.br\/portalassef\/wp-json\/wp\/v2\/posts\/397"}],"collection":[{"href":"https:\/\/www.assef.org.br\/portalassef\/wp-json\/wp\/v2\/posts"}],"about":[{"href":"https:\/\/www.assef.org.br\/portalassef\/wp-json\/wp\/v2\/types\/post"}],"author":[{"embeddable":true,"href":"https:\/\/www.assef.org.br\/portalassef\/wp-json\/wp\/v2\/users\/1"}],"replies":[{"embeddable":true,"href":"https:\/\/www.assef.org.br\/portalassef\/wp-json\/wp\/v2\/comments?post=397"}],"version-history":[{"count":7,"href":"https:\/\/www.assef.org.br\/portalassef\/wp-json\/wp\/v2\/posts\/397\/revisions"}],"predecessor-version":[{"id":472,"href":"https:\/\/www.assef.org.br\/portalassef\/wp-json\/wp\/v2\/posts\/397\/revisions\/472"}],"wp:attachment":[{"href":"https:\/\/www.assef.org.br\/portalassef\/wp-json\/wp\/v2\/media?parent=397"}],"wp:term":[{"taxonomy":"category","embeddable":true,"href":"https:\/\/www.assef.org.br\/portalassef\/wp-json\/wp\/v2\/categories?post=397"},{"taxonomy":"post_tag","embeddable":true,"href":"https:\/\/www.assef.org.br\/portalassef\/wp-json\/wp\/v2\/tags?post=397"}],"curies":[{"name":"wp","href":"https:\/\/api.w.org\/{rel}","templated":true}]}}