{"id":405,"date":"2010-11-29T17:10:45","date_gmt":"2010-11-29T20:10:45","guid":{"rendered":"http:\/\/www.assef.org.br\/portalassef\/?p=405"},"modified":"2013-02-28T14:51:52","modified_gmt":"2013-02-28T17:51:52","slug":"33-anos-comemorado-com-festa","status":"publish","type":"post","link":"https:\/\/www.assef.org.br\/portalassef\/33-anos-comemorado-com-festa\/","title":{"rendered":"33 ANOS Comemorado com Festa"},"content":{"rendered":"<p style=\"text-align: justify;\"><a href=\"http:\/\/www.assef.org.br\/portalassef\/wp-content\/uploads\/2010\/11\/Assef_1281.jpg\"><img loading=\"lazy\" decoding=\"async\" class=\"alignleft size-thumbnail wp-image-499\" title=\"33 ANOS COMEMORADO COM FESTA \" alt=\"33 ANOS COMEMORADO COM FESTA\" src=\"http:\/\/www.assef.org.br\/portalassef\/wp-content\/uploads\/2010\/11\/Assef_1281-150x150.jpg\" width=\"150\" height=\"150\" \/><\/a>Mais uma grande festa de comemora\u00e7\u00e3o em grande estilo do anivers\u00e1rio da Assef, marcou a noite de 20 de Novembro de 2010; alem da tradicional presen\u00e7a dos associados e familiares que residem na Capital, tivemos tambem representantes do interior do estado e caravanas das cidades de Cascavel, Ponta Grossa, Umuarama, Paranagu\u00e1, Cornelio Proc\u00f3pio e Londrina, que ajudaram a abrilhantar a festa e aproveitar boa musica, boa comida, ambiente familiar, sorteio de varios presentes, enfim uma noite de divers\u00e3o plena. Mais uma vez obrigado pela presen\u00e7a e participa\u00e7\u00e3o de todos. Valeu&#8230;..<\/p>\n<p style=\"text-align: justify;\">Clique na imagem abaixo e veja\u00a0 em video como foi mais um evento de sucesso da ASSEF ou logo mais abaixo para ver as fotos:<\/p>\n<p>&nbsp;<\/p>\n<div class=\"embed-container\"><iframe loading=\"lazy\" width=\"750\" height=\"563\" src=\"https:\/\/www.youtube.com\/embed\/0uFKuZjrdh4?feature=oembed\" frameborder=\"0\" allowfullscreen><\/iframe><\/div>\n<p>&nbsp;<\/p>\n<p>&nbsp;<\/p>\n<p>&nbsp;<\/p>\n","protected":false},"excerpt":{"rendered":"<p>Mais uma grande festa de comemora\u00e7\u00e3o em grande estilo do anivers\u00e1rio da Assef, marcou a noite de 20 de Novembro de 2010; alem da tradicional presen\u00e7a dos associados e familiares que residem na Capital, tivemos tambem representantes do interior do estado e caravanas das cidades de Cascavel, Ponta Grossa, Umuarama, Paranagu\u00e1, Cornelio Proc\u00f3pio e Londrina, &hellip; <\/p>\n<p><a class=\"more-link btn\" href=\"https:\/\/www.assef.org.br\/portalassef\/33-anos-comemorado-com-festa\/\">Continue lendo<\/a><\/p>\n","protected":false},"author":1,"featured_media":0,"comment_status":"closed","ping_status":"open","sticky":false,"template":"","format":"standard","meta":{"_monsterinsights_skip_tracking":false,"_monsterinsights_sitenote_active":false,"_monsterinsights_sitenote_note":"","_monsterinsights_sitenote_category":0,"_uf_show_specific_survey":0,"_uf_disable_surveys":false,"ngg_post_thumbnail":0,"footnotes":""},"categories":[1],"tags":[],"aioseo_notices":[],"_links":{"self":[{"href":"https:\/\/www.assef.org.br\/portalassef\/wp-json\/wp\/v2\/posts\/405"}],"collection":[{"href":"https:\/\/www.assef.org.br\/portalassef\/wp-json\/wp\/v2\/posts"}],"about":[{"href":"https:\/\/www.assef.org.br\/portalassef\/wp-json\/wp\/v2\/types\/post"}],"author":[{"embeddable":true,"href":"https:\/\/www.assef.org.br\/portalassef\/wp-json\/wp\/v2\/users\/1"}],"replies":[{"embeddable":true,"href":"https:\/\/www.assef.org.br\/portalassef\/wp-json\/wp\/v2\/comments?post=405"}],"version-history":[{"count":14,"href":"https:\/\/www.assef.org.br\/portalassef\/wp-json\/wp\/v2\/posts\/405\/revisions"}],"predecessor-version":[{"id":502,"href":"https:\/\/www.assef.org.br\/portalassef\/wp-json\/wp\/v2\/posts\/405\/revisions\/502"}],"wp:attachment":[{"href":"https:\/\/www.assef.org.br\/portalassef\/wp-json\/wp\/v2\/media?parent=405"}],"wp:term":[{"taxonomy":"category","embeddable":true,"href":"https:\/\/www.assef.org.br\/portalassef\/wp-json\/wp\/v2\/categories?post=405"},{"taxonomy":"post_tag","embeddable":true,"href":"https:\/\/www.assef.org.br\/portalassef\/wp-json\/wp\/v2\/tags?post=405"}],"curies":[{"name":"wp","href":"https:\/\/api.w.org\/{rel}","templated":true}]}}