{"id":413,"date":"2019-12-17T18:15:00","date_gmt":"2019-12-17T21:15:00","guid":{"rendered":"http:\/\/www.assef.org.br\/portalassef\/?p=413"},"modified":"2023-12-05T15:38:10","modified_gmt":"2023-12-05T18:38:10","slug":"final-de-ano","status":"publish","type":"post","link":"https:\/\/www.assef.org.br\/portalassef\/final-de-ano\/","title":{"rendered":"Final de Ano, Aten\u00e7\u00e3o Associado"},"content":{"rendered":"<p style=\"text-align: justify;\"><a href=\"http:\/\/www.assef.org.br\/portalassef\/wp-content\/uploads\/2012\/12\/bolas_de_natal-assef.jpg\"><img loading=\"lazy\" decoding=\"async\" class=\"alignleft size-medium wp-image-1027\" title=\"bolas_de_natal-assef\" src=\"http:\/\/www.assef.org.br\/portalassef\/wp-content\/uploads\/2012\/12\/bolas_de_natal-assef-244x300.jpg\" alt=\"\" width=\"244\" height=\"300\" srcset=\"https:\/\/www.assef.org.br\/portalassef\/wp-content\/uploads\/2012\/12\/bolas_de_natal-assef-244x300.jpg 244w, https:\/\/www.assef.org.br\/portalassef\/wp-content\/uploads\/2012\/12\/bolas_de_natal-assef.jpg 383w\" sizes=\"(max-width: 244px) 100vw, 244px\" \/><\/a><\/p>\n<p>Comunicamos a todos os associados que nosso expediente no escrit\u00f3rio da sede da ASSEF em Curitiba, no m\u00eas de Dezembro\/2023,<strong> ser\u00e1 at\u00e9 o dia 23<\/strong>, e retornaremos nossas atividades normais a partir do dia<strong> 02 de Janeiro de 2024<\/strong>.<em><br \/>\n<\/em><\/p>\n<p style=\"text-align: justify;\">\n<blockquote>\n<h2><em><strong>Aproveitamos para desejar a todos um Feliz e Santo Natal, e um Pr\u00f3spero Ano Novo cheio de realiza\u00e7\u00f5es<\/strong><\/em><\/h2>\n<\/blockquote>\n<h2 style=\"text-align: right;\">A Dire\u00e7\u00e3o<\/h2>\n","protected":false},"excerpt":{"rendered":"<p>Comunicamos a todos os associados que nosso expediente no escrit\u00f3rio da sede da ASSEF em Curitiba, no m\u00eas de Dezembro\/2023, ser\u00e1 at\u00e9 o dia 23, e retornaremos nossas atividades normais a partir do dia 02 de Janeiro de 2024. Aproveitamos para desejar a todos um Feliz e Santo Natal, e um Pr\u00f3spero Ano Novo cheio &hellip; <\/p>\n<p><a class=\"more-link btn\" href=\"https:\/\/www.assef.org.br\/portalassef\/final-de-ano\/\">Continue lendo<\/a><\/p>\n","protected":false},"author":1,"featured_media":1027,"comment_status":"closed","ping_status":"closed","sticky":false,"template":"","format":"standard","meta":{"_monsterinsights_skip_tracking":false,"_monsterinsights_sitenote_active":false,"_monsterinsights_sitenote_note":"","_monsterinsights_sitenote_category":0,"_uf_show_specific_survey":0,"_uf_disable_surveys":false,"ngg_post_thumbnail":0,"footnotes":""},"categories":[1],"tags":[77,101],"aioseo_notices":[],"_links":{"self":[{"href":"https:\/\/www.assef.org.br\/portalassef\/wp-json\/wp\/v2\/posts\/413"}],"collection":[{"href":"https:\/\/www.assef.org.br\/portalassef\/wp-json\/wp\/v2\/posts"}],"about":[{"href":"https:\/\/www.assef.org.br\/portalassef\/wp-json\/wp\/v2\/types\/post"}],"author":[{"embeddable":true,"href":"https:\/\/www.assef.org.br\/portalassef\/wp-json\/wp\/v2\/users\/1"}],"replies":[{"embeddable":true,"href":"https:\/\/www.assef.org.br\/portalassef\/wp-json\/wp\/v2\/comments?post=413"}],"version-history":[{"count":26,"href":"https:\/\/www.assef.org.br\/portalassef\/wp-json\/wp\/v2\/posts\/413\/revisions"}],"predecessor-version":[{"id":7484,"href":"https:\/\/www.assef.org.br\/portalassef\/wp-json\/wp\/v2\/posts\/413\/revisions\/7484"}],"wp:featuredmedia":[{"embeddable":true,"href":"https:\/\/www.assef.org.br\/portalassef\/wp-json\/wp\/v2\/media\/1027"}],"wp:attachment":[{"href":"https:\/\/www.assef.org.br\/portalassef\/wp-json\/wp\/v2\/media?parent=413"}],"wp:term":[{"taxonomy":"category","embeddable":true,"href":"https:\/\/www.assef.org.br\/portalassef\/wp-json\/wp\/v2\/categories?post=413"},{"taxonomy":"post_tag","embeddable":true,"href":"https:\/\/www.assef.org.br\/portalassef\/wp-json\/wp\/v2\/tags?post=413"}],"curies":[{"name":"wp","href":"https:\/\/api.w.org\/{rel}","templated":true}]}}