{"id":431,"date":"2011-08-02T17:38:51","date_gmt":"2011-08-02T20:38:51","guid":{"rendered":"http:\/\/www.assef.org.br\/portalassef\/?p=431"},"modified":"2019-02-15T13:34:40","modified_gmt":"2019-02-15T16:34:40","slug":"inauguracao-da-sede-em-jacarezinho","status":"publish","type":"post","link":"https:\/\/www.assef.org.br\/portalassef\/inauguracao-da-sede-em-jacarezinho\/","title":{"rendered":"Inaugura\u00e7\u00e3o da sede em Jacarezinho"},"content":{"rendered":"<p style=\"text-align: justify;\"><a href=\"https:\/\/plus.google.com\/photos\/110940653394414348412\/albums\/5636244299933530785?authkey=CPft3-e3-azr6QE\" target=\"_blank\"><img loading=\"lazy\" decoding=\"async\" class=\"alignleft size-thumbnail wp-image-432\" title=\"inaugura\u00e7\u00e3o_sede_jacarezinho_033\" alt=\"\" src=\"http:\/\/www.assef.org.br\/portalassef\/wp-content\/uploads\/2012\/06\/inaugura\u00e7\u00e3o_sede_jacarezinho_033-150x150.jpg\" width=\"150\" height=\"150\"><\/a>Foi inaugurada no ultimo dia 30 de Julho de 2011, a sede da Assef\/N\u00facleo de Jacarezinho 19\u00aa Reg. de Sa\u00fade; depois de muito esfor\u00e7o por parte da diretoria do N\u00facleo, liderada pelos diretores Jos\u00e9 Trindade, Ad\u00e3o, S\u00f4nia, Luciano e tantos outros que fazem parte da equipe, juntamente com o respaldo da Diretoria Central, finalmente est\u00e1 em condi\u00e7\u00f5es de uso; no ver\u00e3o teremos mais um local para frequentar; esperamos que todos gostem da estrutura e que aproveitem bastante para o descanso e o lazer. Compareceram no evento de inaugura\u00e7\u00e3o, os associados, familiares e demais convidados da regi\u00e3o. Tivemos a presen\u00e7a do Padre Tita, querido por todos daquela regi\u00e3o que fez uma ben\u00e7\u00e3o especial na sede, e tambem estiveram presentes o Presidente da Assef Celso, a Tesoureira Geral Elizabeth e o Diretor de Esportes Bira. Confiram abaixo as fotos da inaugura\u00e7\u00e3o&#8230;<\/p>\n<p><a href=\"https:\/\/plus.google.com\/photos\/110940653394414348412\/albums\/5636244299933530785?authkey=CPft3-e3-azr6QE\" target=\"_blank\">&nbsp;<\/a><\/p>\n<table style=\"width: 194px;\">\n<tbody>\n<tr>\n<td style=\"height: 194px; background: url('https:\/\/picasaweb.google.com\/s\/c\/transparent_album_background.gif') no-repeat left;\" align=\"center\"><a href=\"https:\/\/plus.google.com\/photos\/110940653394414348412\/albums\/5636244299933530785?authkey=CPft3-e3-azr6QE\" target=\"_blank\"><img loading=\"lazy\" decoding=\"async\" style=\"margin: 1px 0 0 4px;\" alt=\"\" src=\"https:\/\/lh6.googleusercontent.com\/--XUFBWvihjo\/Tjf2VCTbuqE\/AAAAAAAAFtY\/Asks2HI7Z_E\/s160-c\/_2011_07_31_Inauguracao_Sede_Jacarezinho.jpg\" width=\"160\" height=\"160\"><\/a><\/td>\n<\/tr>\n<tr>\n<td style=\"text-align: center; font-family: arial,sans-serif; font-size: 11px;\"><a href=\"https:\/\/plus.google.com\/photos\/110940653394414348412\/albums\/5636244299933530785?authkey=CPft3-e3-azr6QE\" target=\"_blank\"><span style=\"color: #4d4d4d; font-weight: bold; text-decoration: none;\">_2011_07_31_Inaugura\u00e7\u00e3o_Sede_Jacarezinho<\/span><\/a><\/td>\n<\/tr>\n<\/tbody>\n<\/table>\n<p><a href=\"https:\/\/plus.google.com\/photos\/110940653394414348412\/albums\/5636244299933530785?authkey=CPft3-e3-azr6QE\" target=\"_blank\">&nbsp;<\/a><\/p>\n","protected":false},"excerpt":{"rendered":"<p>Foi inaugurada no ultimo dia 30 de Julho de 2011, a sede da Assef\/N\u00facleo de Jacarezinho 19\u00aa Reg. de Sa\u00fade; depois de muito esfor\u00e7o por parte da diretoria do N\u00facleo, liderada pelos diretores Jos\u00e9 Trindade, Ad\u00e3o, S\u00f4nia, Luciano e tantos outros que fazem parte da equipe, juntamente com o respaldo da Diretoria Central, finalmente est\u00e1 &hellip; <\/p>\n<p><a class=\"more-link btn\" href=\"https:\/\/www.assef.org.br\/portalassef\/inauguracao-da-sede-em-jacarezinho\/\">Continue lendo<\/a><\/p>\n","protected":false},"author":1,"featured_media":0,"comment_status":"closed","ping_status":"closed","sticky":false,"template":"","format":"standard","meta":{"_monsterinsights_skip_tracking":false,"_monsterinsights_sitenote_active":false,"_monsterinsights_sitenote_note":"","_monsterinsights_sitenote_category":0,"_uf_show_specific_survey":0,"_uf_disable_surveys":false,"ngg_post_thumbnail":0,"footnotes":""},"categories":[1,19],"tags":[50],"aioseo_notices":[],"_links":{"self":[{"href":"https:\/\/www.assef.org.br\/portalassef\/wp-json\/wp\/v2\/posts\/431"}],"collection":[{"href":"https:\/\/www.assef.org.br\/portalassef\/wp-json\/wp\/v2\/posts"}],"about":[{"href":"https:\/\/www.assef.org.br\/portalassef\/wp-json\/wp\/v2\/types\/post"}],"author":[{"embeddable":true,"href":"https:\/\/www.assef.org.br\/portalassef\/wp-json\/wp\/v2\/users\/1"}],"replies":[{"embeddable":true,"href":"https:\/\/www.assef.org.br\/portalassef\/wp-json\/wp\/v2\/comments?post=431"}],"version-history":[{"count":9,"href":"https:\/\/www.assef.org.br\/portalassef\/wp-json\/wp\/v2\/posts\/431\/revisions"}],"predecessor-version":[{"id":5845,"href":"https:\/\/www.assef.org.br\/portalassef\/wp-json\/wp\/v2\/posts\/431\/revisions\/5845"}],"wp:attachment":[{"href":"https:\/\/www.assef.org.br\/portalassef\/wp-json\/wp\/v2\/media?parent=431"}],"wp:term":[{"taxonomy":"category","embeddable":true,"href":"https:\/\/www.assef.org.br\/portalassef\/wp-json\/wp\/v2\/categories?post=431"},{"taxonomy":"post_tag","embeddable":true,"href":"https:\/\/www.assef.org.br\/portalassef\/wp-json\/wp\/v2\/tags?post=431"}],"curies":[{"name":"wp","href":"https:\/\/api.w.org\/{rel}","templated":true}]}}