{"id":437,"date":"2011-08-17T17:41:08","date_gmt":"2011-08-17T20:41:08","guid":{"rendered":"http:\/\/www.assef.org.br\/portalassef\/?p=437"},"modified":"2013-11-04T22:11:33","modified_gmt":"2013-11-05T01:11:33","slug":"inauguracao-da-sede-em-jacarezinho-2","status":"publish","type":"post","link":"https:\/\/www.assef.org.br\/portalassef\/inauguracao-da-sede-em-jacarezinho-2\/","title":{"rendered":"Inaugura\u00e7\u00e3o da Sede de Campo Mour\u00e3o"},"content":{"rendered":"<p style=\"text-align: justify;\"><a href=\"http:\/\/www.assef.org.br\/portalassef\/wp-content\/uploads\/2012\/06\/nucleo_campo_mourao_003.jpg\"><img loading=\"lazy\" decoding=\"async\" class=\"alignleft size-thumbnail wp-image-438\" title=\"nucleo_campo_mourao_003\" alt=\"\" src=\"http:\/\/www.assef.org.br\/portalassef\/wp-content\/uploads\/2012\/06\/nucleo_campo_mourao_003-150x150.jpg\" width=\"150\" height=\"150\" \/><\/a>Foi inaugurada no dia 13 de agosto de 2011, a sede do n\u00facleo da assef em campo mour\u00e3o. \u00e9 mais uma meta da atual gest\u00e3o que \u00e9 atingida com muita luta. Ainda n\u00e3o est\u00e1 totalmente acabada a obra; a pr\u00f3xima etapa ser\u00e1 a constru\u00e7\u00e3o de uma casa para o caseiro, campo de futebol, plantio de arvores frut\u00edferas entre outras, e acabamento interno do sal\u00e3o de festas, mais pintura geral. Parab\u00e9ns a diretoria do n\u00facleo liderada pela dona Maria e o Joel, alem \u00e9 claro da equipe de suporte comandada por Valt\u00e3o e suas auxiliares, que sempre est\u00e1 presente nas atividades.<\/p>\n<p style=\"text-align: justify;\">Clique na imagem abaixo para conferir mais fotos do evento de inaugura\u00e7\u00e3o<\/p>\n<p><a href=\"https:\/\/plus.google.com\/photos\/110940653394414348412\/albums\/5641860506798414593\" target=\"_blank\">\u00a0<\/a><\/p>\n<table style=\"width: 194px;\">\n<tbody>\n<tr>\n<td style=\"height: 194px; background: url('https:\/\/picasaweb.google.com\/s\/c\/transparent_album_background.gif') no-repeat left;\" align=\"center\"><a href=\"https:\/\/plus.google.com\/photos\/110940653394414348412\/albums\/5641860506798414593\" target=\"_blank\"><img loading=\"lazy\" decoding=\"async\" style=\"margin: 1px 0 0 4px;\" alt=\"\" src=\"https:\/\/lh6.googleusercontent.com\/-_QLZuKkKsjg\/TkvqPTQGWwE\/AAAAAAAAFx8\/2EO6SsQSumg\/s160-c\/_2011_Nucleo_Campo_Mourao.jpg\" width=\"160\" height=\"160\" \/><\/a><\/td>\n<\/tr>\n<tr>\n<td style=\"text-align: center; font-family: arial,sans-serif; font-size: 11px;\"><a href=\"https:\/\/plus.google.com\/photos\/110940653394414348412\/albums\/5641860506798414593\" target=\"_blank\"><span style=\"color: #4d4d4d; font-weight: bold; text-decoration: none;\">_2011_Nucleo_Campo_Mourao<\/span><\/a><\/td>\n<\/tr>\n<\/tbody>\n<\/table>\n<p><a href=\"https:\/\/plus.google.com\/photos\/110940653394414348412\/albums\/5641860506798414593\" target=\"_blank\">.<\/a><\/p>\n","protected":false},"excerpt":{"rendered":"<p>Foi inaugurada no dia 13 de agosto de 2011, a sede do n\u00facleo da assef em campo mour\u00e3o. \u00e9 mais uma meta da atual gest\u00e3o que \u00e9 atingida com muita luta. Ainda n\u00e3o est\u00e1 totalmente acabada a obra; a pr\u00f3xima etapa ser\u00e1 a constru\u00e7\u00e3o de uma casa para o caseiro, campo de futebol, plantio de &hellip; <\/p>\n<p><a class=\"more-link btn\" href=\"https:\/\/www.assef.org.br\/portalassef\/inauguracao-da-sede-em-jacarezinho-2\/\">Continue lendo<\/a><\/p>\n","protected":false},"author":1,"featured_media":0,"comment_status":"closed","ping_status":"open","sticky":false,"template":"","format":"standard","meta":{"_monsterinsights_skip_tracking":false,"_monsterinsights_sitenote_active":false,"_monsterinsights_sitenote_note":"","_monsterinsights_sitenote_category":0,"_uf_show_specific_survey":0,"_uf_disable_surveys":false,"ngg_post_thumbnail":0,"footnotes":""},"categories":[1,43,11],"tags":[58],"aioseo_notices":[],"_links":{"self":[{"href":"https:\/\/www.assef.org.br\/portalassef\/wp-json\/wp\/v2\/posts\/437"}],"collection":[{"href":"https:\/\/www.assef.org.br\/portalassef\/wp-json\/wp\/v2\/posts"}],"about":[{"href":"https:\/\/www.assef.org.br\/portalassef\/wp-json\/wp\/v2\/types\/post"}],"author":[{"embeddable":true,"href":"https:\/\/www.assef.org.br\/portalassef\/wp-json\/wp\/v2\/users\/1"}],"replies":[{"embeddable":true,"href":"https:\/\/www.assef.org.br\/portalassef\/wp-json\/wp\/v2\/comments?post=437"}],"version-history":[{"count":7,"href":"https:\/\/www.assef.org.br\/portalassef\/wp-json\/wp\/v2\/posts\/437\/revisions"}],"predecessor-version":[{"id":1355,"href":"https:\/\/www.assef.org.br\/portalassef\/wp-json\/wp\/v2\/posts\/437\/revisions\/1355"}],"wp:attachment":[{"href":"https:\/\/www.assef.org.br\/portalassef\/wp-json\/wp\/v2\/media?parent=437"}],"wp:term":[{"taxonomy":"category","embeddable":true,"href":"https:\/\/www.assef.org.br\/portalassef\/wp-json\/wp\/v2\/categories?post=437"},{"taxonomy":"post_tag","embeddable":true,"href":"https:\/\/www.assef.org.br\/portalassef\/wp-json\/wp\/v2\/tags?post=437"}],"curies":[{"name":"wp","href":"https:\/\/api.w.org\/{rel}","templated":true}]}}