{"id":4715,"date":"2016-03-02T20:08:11","date_gmt":"2016-03-02T23:08:11","guid":{"rendered":"http:\/\/www.assef.org.br\/portalassef\/?p=4715"},"modified":"2016-11-21T21:24:44","modified_gmt":"2016-11-22T00:24:44","slug":"convenio-faculdade-futuro","status":"publish","type":"post","link":"https:\/\/www.assef.org.br\/portalassef\/convenio-faculdade-futuro\/","title":{"rendered":"Convenio: Faculdade Futuro"},"content":{"rendered":"<div>\n<p><a href=\"http:\/\/www.assef.org.br\/portalassef\/wp-content\/uploads\/2016\/03\/small-logo-futuro.jpg\" rel=\"attachment wp-att-4717\"><img loading=\"lazy\" decoding=\"async\" class=\"size-full wp-image-4717 alignleft\" src=\"http:\/\/www.assef.org.br\/portalassef\/wp-content\/uploads\/2016\/03\/small-logo-futuro.jpg\" alt=\"faculdade futuro\" width=\"213\" height=\"96\"><\/a>Localizada na regi\u00e3o central de Curitiba, com vias de acesso e estacionamento facilitados, a Futuro conta com cursos de gradua\u00e7\u00e3o e cursos t\u00e9cnicos em diversas \u00e1reas do conhecimento. Fa\u00e7a sua inscri\u00e7\u00e3o para o vestibular na melhor data agendada por voc\u00ea.<\/p>\n<\/div>\n<div><b>Aproveite as condi\u00e7\u00f5es de associado da ASSEF e ganhe uma bolsa de 50% para os cursos t\u00e9cnicos e de Gradua\u00e7\u00e3o. E ainda 10% de desconto nas matr\u00edculas!<\/b><\/div>\n<div><b>&nbsp;<\/b><\/div>\n<div>&nbsp;<\/div>\n<div>&nbsp;<\/div>\n<div><span style=\"color: #38761d;\"><b>Bacharel em Administra\u00e7\u00e3o de Empresas<\/b><\/span><\/div>\n<div>\n<div><b>Dura\u00e7\u00e3o:&nbsp;<\/b>48 meses<\/div>\n<div><b>Noturno:&nbsp;<\/b>19:00 \u00e0s 22:30<\/div>\n<div><b>Modalidade:<\/b>&nbsp;Presencial<\/div>\n<div><b>In\u00edcio das aulas:<\/b> 07\/03\/2016<\/div>\n<div><b>Valor de investimento:<\/b>&nbsp;R$ 299,00 mensais fixas para associados e dependentes.<\/div>\n<div><i>Portaria MEC -718 de 29 de maio de 2012.<\/i><\/div>\n<div><i>&nbsp;<\/i><\/div>\n<div><i>&nbsp;<\/i><\/div>\n<div>\n<div><span style=\"color: #38761d;\"><b>T\u00e9cnico em Sa\u00fade Bucal<\/b><\/span><\/div>\n<div>\n<div><b>Dura\u00e7\u00e3o: <\/b>24&nbsp;meses<\/div>\n<div><b>Manh\u00e3: <\/b>07:30 as 12:00<\/div>\n<div><b>Noturno:&nbsp;<\/b>19:00 \u00e0s 22:30<\/div>\n<div><b>Modalidade:<\/b>&nbsp;Presencial<\/div>\n<div><b>In\u00edcio das aulas:<\/b>&nbsp;07\/03\/2016<\/div>\n<div><b>Valor de investimento:<\/b>&nbsp;R$ 160,00 mensais fixas para associados e dependentes.<\/div>\n<\/div>\n<\/div>\n<div>Reconhecido e autorizado pela SEED\/PR e pelo CRO\/PR<\/div>\n<\/div>\n<div><a href=\"http:\/\/www.assef.org.br\/portalassef\/wp-content\/uploads\/2016\/03\/convenio-folder-faculdadefuturo.jpg\" rel=\"attachment wp-att-4716\"><img loading=\"lazy\" decoding=\"async\" class=\"alignleft size-full wp-image-4716\" src=\"http:\/\/www.assef.org.br\/portalassef\/wp-content\/uploads\/2016\/03\/convenio-folder-faculdadefuturo.jpg\" alt=\"convenio-folder-faculdadefuturo\" width=\"720\" height=\"519\" srcset=\"https:\/\/www.assef.org.br\/portalassef\/wp-content\/uploads\/2016\/03\/convenio-folder-faculdadefuturo.jpg 720w, https:\/\/www.assef.org.br\/portalassef\/wp-content\/uploads\/2016\/03\/convenio-folder-faculdadefuturo-300x216.jpg 300w\" sizes=\"(max-width: 720px) 100vw, 720px\" \/><\/a><\/div>\n<div>\n<div>\n<div>Para mais informa\u00e7\u00f5es:<\/div>\n<div>\n<div>Nosso site<\/div>\n<div>\n<p><a href=\"http:\/\/www.faculdadefuturo.com.br\/\" target=\"_blank\">http:\/\/www.faculdadefuturo.com.br\/<\/a><\/p>\n<div class=\"\">\n<div id=\":193\" class=\"\" tabindex=\"0\"><img decoding=\"async\" class=\"\" src=\"https:\/\/ssl.gstatic.com\/ui\/v1\/icons\/mail\/images\/cleardot.gif\" alt=\"\"><\/div>\n<\/div>\n<\/div>\n<\/div>\n<\/div>\n<p>&#8212;<\/p>\n<div class=\"gmail_signature\">\n<div dir=\"ltr\">\n<div>\n<div dir=\"ltr\">\n<p><span style=\"color: #741b47; font-size: small;\"><i><b>Rosane Lima (41) 9771-6885<\/b><\/i><\/span><\/p>\n<div><span style=\"color: #741b47; font-size: small;\"><i>Especialista em Metodologia do Ensino na Educa\u00e7\u00e3o Superior<\/i><\/span><\/div>\n<div><span style=\"color: #741b47; font-size: small;\">Consultora de carreiras<\/span><\/div>\n<\/div>\n<\/div>\n<\/div>\n<\/div>\n<\/div>\n<div>&nbsp;<\/div>\n<div>&nbsp;<\/div>\n<div>&nbsp;<\/div>\n","protected":false},"excerpt":{"rendered":"<p>Localizada na regi\u00e3o central de Curitiba, com vias de acesso e estacionamento facilitados, a Futuro conta com cursos de gradua\u00e7\u00e3o e cursos t\u00e9cnicos em diversas \u00e1reas do conhecimento. Fa\u00e7a sua inscri\u00e7\u00e3o para o vestibular na melhor data agendada por voc\u00ea. Aproveite as condi\u00e7\u00f5es de associado da ASSEF e ganhe uma bolsa de 50% para os &hellip; <\/p>\n<p><a class=\"more-link btn\" href=\"https:\/\/www.assef.org.br\/portalassef\/convenio-faculdade-futuro\/\">Continue lendo<\/a><\/p>\n","protected":false},"author":2,"featured_media":4717,"comment_status":"closed","ping_status":"open","sticky":false,"template":"","format":"standard","meta":{"_monsterinsights_skip_tracking":false,"_monsterinsights_sitenote_active":false,"_monsterinsights_sitenote_note":"","_monsterinsights_sitenote_category":0,"_uf_show_specific_survey":0,"_uf_disable_surveys":false,"ngg_post_thumbnail":0,"footnotes":""},"categories":[14,21],"tags":[88],"aioseo_notices":[],"_links":{"self":[{"href":"https:\/\/www.assef.org.br\/portalassef\/wp-json\/wp\/v2\/posts\/4715"}],"collection":[{"href":"https:\/\/www.assef.org.br\/portalassef\/wp-json\/wp\/v2\/posts"}],"about":[{"href":"https:\/\/www.assef.org.br\/portalassef\/wp-json\/wp\/v2\/types\/post"}],"author":[{"embeddable":true,"href":"https:\/\/www.assef.org.br\/portalassef\/wp-json\/wp\/v2\/users\/2"}],"replies":[{"embeddable":true,"href":"https:\/\/www.assef.org.br\/portalassef\/wp-json\/wp\/v2\/comments?post=4715"}],"version-history":[{"count":4,"href":"https:\/\/www.assef.org.br\/portalassef\/wp-json\/wp\/v2\/posts\/4715\/revisions"}],"predecessor-version":[{"id":4818,"href":"https:\/\/www.assef.org.br\/portalassef\/wp-json\/wp\/v2\/posts\/4715\/revisions\/4818"}],"wp:featuredmedia":[{"embeddable":true,"href":"https:\/\/www.assef.org.br\/portalassef\/wp-json\/wp\/v2\/media\/4717"}],"wp:attachment":[{"href":"https:\/\/www.assef.org.br\/portalassef\/wp-json\/wp\/v2\/media?parent=4715"}],"wp:term":[{"taxonomy":"category","embeddable":true,"href":"https:\/\/www.assef.org.br\/portalassef\/wp-json\/wp\/v2\/categories?post=4715"},{"taxonomy":"post_tag","embeddable":true,"href":"https:\/\/www.assef.org.br\/portalassef\/wp-json\/wp\/v2\/tags?post=4715"}],"curies":[{"name":"wp","href":"https:\/\/api.w.org\/{rel}","templated":true}]}}