{"id":4804,"date":"2016-11-20T22:25:52","date_gmt":"2016-11-21T01:25:52","guid":{"rendered":"http:\/\/www.assef.org.br\/portalassef\/?p=4804"},"modified":"2017-06-30T15:25:07","modified_gmt":"2017-06-30T18:25:07","slug":"convocacao-de-assembleia-para-26-de-novembro-de-2016","status":"publish","type":"post","link":"https:\/\/www.assef.org.br\/portalassef\/convocacao-de-assembleia-para-26-de-novembro-de-2016\/","title":{"rendered":"Convoca\u00e7\u00e3o de assembl\u00e9ia para 26 de Novembro de 2016"},"content":{"rendered":"<p class=\"western\" align=\"center\"><span style=\"font-size: medium;\"><span style=\"font-family: Arial,sans-serif;\"><span style=\"font-size: large;\"><u><b><a href=\"http:\/\/www.assef.org.br\/portalassef\/wp-content\/uploads\/2016\/11\/2016-11-20-EditalConvocacao022016-ASSEF.png\"><img loading=\"lazy\" decoding=\"async\" class=\"alignleft size-thumbnail wp-image-4805\" src=\"http:\/\/www.assef.org.br\/portalassef\/wp-content\/uploads\/2016\/11\/2016-11-20-EditalConvocacao022016-ASSEF-150x150.png\" alt=\"edital de convoca\u00e7\u00e3o novembro 2016\" width=\"150\" height=\"150\"><\/a>EDITAL DE CONVOCA\u00c7\u00c3O N\u00ba 02\/16<\/b><\/u><\/span><\/span><\/span><\/p>\n<p class=\"western\" align=\"justify\"><span style=\"font-size: medium;\"><span style=\"font-family: Arial,sans-serif;\"><span style=\"font-size: large;\">O Presidente da ASSEF, no uso de suas atribui\u00e7\u00f5es legais contidas no Estatuto, artigo 15\u00ba, inciso VI, e artigo 36\u00ba, convoca todos os associados em pleno gozo de seus direitos estatut\u00e1rios, para Assembl\u00e9ia Geral Ordin\u00e1ria, a realizar-se no dia <\/span><\/span><span style=\"font-family: Arial,sans-serif;\"><span style=\"font-size: large;\"><b>26\/11\/16<\/b><\/span><\/span><span style=\"font-family: Arial,sans-serif;\"><span style=\"font-size: large;\">, no Audit\u00f3rio Ailton Gilmar de Castro Macedo, sito a rua Bras\u00edlio Itiber\u00ea, 2895, em Curitiba, com primeira chamada as <\/span><\/span><span style=\"font-family: Arial,sans-serif;\"><span style=\"font-size: large;\"><b>08:00<\/b><\/span><\/span><span style=\"font-family: Arial,sans-serif;\"><span style=\"font-size: large;\"> horas, e segunda chamada as <\/span><\/span><span style=\"font-family: Arial,sans-serif;\"><span style=\"font-size: large;\"><b>08:30<\/b><\/span><\/span><span style=\"font-family: Arial,sans-serif;\"><span style=\"font-size: large;\"> horas com o numero de associados que estiverem presentes, para deliberar sobre a seguinte ordem do dia:<\/span><\/span><\/span><\/p>\n<p class=\"western\" align=\"justify\"><span style=\"font-size: medium;\"><span style=\"font-family: Arial,sans-serif;\"><span style=\"font-size: large;\">1\u00ba &#8211; Presta\u00e7\u00e3o de Contas do per\u00edodo de Abril a Setembro de 2016.<\/span><\/span><\/span><\/p>\n<p class=\"western\" align=\"justify\"><span style=\"font-family: Arial,sans-serif;\"><span style=\"font-size: large;\">2\u00ba &#8211; Incentivo aos N\u00facleos <\/span><\/span><\/p>\n<p class=\"western\" align=\"justify\"><span style=\"font-size: medium;\"><span style=\"font-family: Arial,sans-serif;\"><span style=\"font-size: large;\">3\u00ba &#8211; Sorteio das reservas para o ano novo e carnaval da col\u00f4nia de f\u00e9rias em Matinhos, (temporada, 2016\/2017).<\/span><\/span><\/span><\/p>\n<p class=\"western\" align=\"justify\"><span style=\"font-size: medium;\"><span style=\"font-family: Arial,sans-serif;\"><span style=\"font-size: large;\">Curitiba, 07 de Novembro de 2016.<\/span><\/span><\/span><\/p>\n<p class=\"western\" align=\"center\"><span style=\"font-family: Arial,sans-serif;\"><span style=\"font-size: large;\">Celso Wilson Santini<\/span><\/span><\/p>\n<p class=\"western\" align=\"center\"><span style=\"font-family: Arial,sans-serif;\"><span style=\"font-size: large;\">presidente<\/span><\/span><\/p>\n","protected":false},"excerpt":{"rendered":"<p>EDITAL DE CONVOCA\u00c7\u00c3O N\u00ba 02\/16 O Presidente da ASSEF, no uso de suas atribui\u00e7\u00f5es legais contidas no Estatuto, artigo 15\u00ba, inciso VI, e artigo 36\u00ba, convoca todos os associados em pleno gozo de seus direitos estatut\u00e1rios, para Assembl\u00e9ia Geral Ordin\u00e1ria, a realizar-se no dia 26\/11\/16, no Audit\u00f3rio Ailton Gilmar de Castro Macedo, sito a rua &hellip; <\/p>\n<p><a class=\"more-link btn\" href=\"https:\/\/www.assef.org.br\/portalassef\/convocacao-de-assembleia-para-26-de-novembro-de-2016\/\">Continue lendo<\/a><\/p>\n","protected":false},"author":2,"featured_media":0,"comment_status":"closed","ping_status":"open","sticky":false,"template":"","format":"standard","meta":{"_monsterinsights_skip_tracking":false,"_monsterinsights_sitenote_active":false,"_monsterinsights_sitenote_note":"","_monsterinsights_sitenote_category":0,"_uf_show_specific_survey":0,"_uf_disable_surveys":false,"ngg_post_thumbnail":0,"footnotes":""},"categories":[33,1,21],"tags":[],"aioseo_notices":[],"_links":{"self":[{"href":"https:\/\/www.assef.org.br\/portalassef\/wp-json\/wp\/v2\/posts\/4804"}],"collection":[{"href":"https:\/\/www.assef.org.br\/portalassef\/wp-json\/wp\/v2\/posts"}],"about":[{"href":"https:\/\/www.assef.org.br\/portalassef\/wp-json\/wp\/v2\/types\/post"}],"author":[{"embeddable":true,"href":"https:\/\/www.assef.org.br\/portalassef\/wp-json\/wp\/v2\/users\/2"}],"replies":[{"embeddable":true,"href":"https:\/\/www.assef.org.br\/portalassef\/wp-json\/wp\/v2\/comments?post=4804"}],"version-history":[{"count":1,"href":"https:\/\/www.assef.org.br\/portalassef\/wp-json\/wp\/v2\/posts\/4804\/revisions"}],"predecessor-version":[{"id":4806,"href":"https:\/\/www.assef.org.br\/portalassef\/wp-json\/wp\/v2\/posts\/4804\/revisions\/4806"}],"wp:attachment":[{"href":"https:\/\/www.assef.org.br\/portalassef\/wp-json\/wp\/v2\/media?parent=4804"}],"wp:term":[{"taxonomy":"category","embeddable":true,"href":"https:\/\/www.assef.org.br\/portalassef\/wp-json\/wp\/v2\/categories?post=4804"},{"taxonomy":"post_tag","embeddable":true,"href":"https:\/\/www.assef.org.br\/portalassef\/wp-json\/wp\/v2\/tags?post=4804"}],"curies":[{"name":"wp","href":"https:\/\/api.w.org\/{rel}","templated":true}]}}