{"id":50,"date":"2012-02-28T19:12:53","date_gmt":"2012-02-28T22:12:53","guid":{"rendered":"http:\/\/www.assef.org.br\/portalassef\/?p=50"},"modified":"2017-11-01T08:53:28","modified_gmt":"2017-11-01T11:53:28","slug":"carnaval-do-nucleo-de-jacarezinho","status":"publish","type":"post","link":"https:\/\/www.assef.org.br\/portalassef\/carnaval-do-nucleo-de-jacarezinho\/","title":{"rendered":"Carnaval do N\u00facleo de Jacarezinho"},"content":{"rendered":"<p><a href=\"http:\/\/www.assef.org.br\/portalassef\/wp-content\/uploads\/2012\/06\/IMG_6397.jpg\"><img loading=\"lazy\" decoding=\"async\" class=\"alignleft size-thumbnail wp-image-52\" title=\"IMG_6397\" src=\"http:\/\/www.assef.org.br\/portalassef\/wp-content\/uploads\/2012\/06\/IMG_6397-150x150.jpg\" alt=\"Carnaval do n\u00facleo de jacarezinho\" width=\"150\" height=\"150\"><\/a>Carnaval do n\u00facleo de jacarezinho<\/p>\n<p>Os associados da 19\u00aa regional de sa\u00fade de jacarezinho festejaram o feriado de carnaval na sede do n\u00facleo. Estiveram os associados acompanhados de seus familiares e tamb\u00e9m alguns convidados. Como sempre n\u00e3o faltou alegria, musica cerveja gelada, churrasco e muita anima\u00e7\u00e3o. Parab\u00e9ns aos dirigentes do n\u00facleo de jacarezinho, pois est\u00e3o realizando atividades voltadas para o interesse dos associados, ou seja, desempenhando suas fun\u00e7\u00f5es de dirigentes, conforme manda o nosso estatuto.<\/p>\n<p style=\"text-align: left;\">Confiram abaixo as fotos do evento:<\/p>\n<p style=\"text-align: left;\">ngg_shortcode_0_placeholder<\/p>\n","protected":false},"excerpt":{"rendered":"<p>Carnaval do n\u00facleo de jacarezinho Os associados da 19\u00aa regional de sa\u00fade de jacarezinho festejaram o feriado de carnaval na sede do n\u00facleo. Estiveram os associados acompanhados de seus familiares e tamb\u00e9m alguns convidados. Como sempre n\u00e3o faltou alegria, musica cerveja gelada, churrasco e muita anima\u00e7\u00e3o. Parab\u00e9ns aos dirigentes do n\u00facleo de jacarezinho, pois est\u00e3o &hellip; <\/p>\n<p><a class=\"more-link btn\" href=\"https:\/\/www.assef.org.br\/portalassef\/carnaval-do-nucleo-de-jacarezinho\/\">Continue lendo<\/a><\/p>\n","protected":false},"author":1,"featured_media":0,"comment_status":"closed","ping_status":"open","sticky":false,"template":"","format":"standard","meta":{"_monsterinsights_skip_tracking":false,"_monsterinsights_sitenote_active":false,"_monsterinsights_sitenote_note":"","_monsterinsights_sitenote_category":0,"_uf_show_specific_survey":0,"_uf_disable_surveys":false,"ngg_post_thumbnail":0,"footnotes":""},"categories":[1,19],"tags":[],"aioseo_notices":[],"_links":{"self":[{"href":"https:\/\/www.assef.org.br\/portalassef\/wp-json\/wp\/v2\/posts\/50"}],"collection":[{"href":"https:\/\/www.assef.org.br\/portalassef\/wp-json\/wp\/v2\/posts"}],"about":[{"href":"https:\/\/www.assef.org.br\/portalassef\/wp-json\/wp\/v2\/types\/post"}],"author":[{"embeddable":true,"href":"https:\/\/www.assef.org.br\/portalassef\/wp-json\/wp\/v2\/users\/1"}],"replies":[{"embeddable":true,"href":"https:\/\/www.assef.org.br\/portalassef\/wp-json\/wp\/v2\/comments?post=50"}],"version-history":[{"count":11,"href":"https:\/\/www.assef.org.br\/portalassef\/wp-json\/wp\/v2\/posts\/50\/revisions"}],"predecessor-version":[{"id":5608,"href":"https:\/\/www.assef.org.br\/portalassef\/wp-json\/wp\/v2\/posts\/50\/revisions\/5608"}],"wp:attachment":[{"href":"https:\/\/www.assef.org.br\/portalassef\/wp-json\/wp\/v2\/media?parent=50"}],"wp:term":[{"taxonomy":"category","embeddable":true,"href":"https:\/\/www.assef.org.br\/portalassef\/wp-json\/wp\/v2\/categories?post=50"},{"taxonomy":"post_tag","embeddable":true,"href":"https:\/\/www.assef.org.br\/portalassef\/wp-json\/wp\/v2\/tags?post=50"}],"curies":[{"name":"wp","href":"https:\/\/api.w.org\/{rel}","templated":true}]}}