{"id":5492,"date":"2017-10-15T00:03:29","date_gmt":"2017-10-15T03:03:29","guid":{"rendered":"http:\/\/www.assef.org.br\/portalassef\/?p=5492"},"modified":"2018-05-08T22:51:19","modified_gmt":"2018-05-09T01:51:19","slug":"calendario-da-temporada-de-praia-20172018","status":"publish","type":"post","link":"https:\/\/www.assef.org.br\/portalassef\/calendario-da-temporada-de-praia-20172018\/","title":{"rendered":"Calend\u00e1rio da Temporada de Praia 2017\/2018"},"content":{"rendered":"<p class=\"western\" align=\"right\"><b><a href=\"http:\/\/www.assef.org.br\/portalassef\/wp-content\/uploads\/2016\/10\/placa-matinhos-2016.png\"><img loading=\"lazy\" decoding=\"async\" class=\"alignleft size-thumbnail wp-image-4790\" src=\"http:\/\/www.assef.org.br\/portalassef\/wp-content\/uploads\/2016\/10\/placa-matinhos-2016-150x150.png\" alt=\"placa-matinhos-2016\" width=\"150\" height=\"150\"><\/a>CALEND\u00c1RIO DA TEMPORADA DE PRAIA 2017\/2018<\/b><\/p>\n<h1 class=\"western\" align=\"right\"><b>Inscri\u00e7\u00f5es de Reserva a partir de 23 de Outubro de 2017<\/b><\/h1>\n<p>&nbsp;<\/p>\n<p class=\"western\" align=\"justify\"><b>DEZEMBRO\/2017<\/b><\/p>\n<table width=\"600\" cellspacing=\"0\" cellpadding=\"5\">\n<colgroup>\n<col width=\"133\">\n<col width=\"278\"> <\/colgroup>\n<tbody>\n<tr>\n<td width=\"133\" valign=\"top\">\n<p class=\"western\" align=\"justify\">De 01 \u00e0 10<\/p>\n<\/td>\n<td width=\"278\">\n<p class=\"western\">PER\u00cdODO RESERVADO PARA EXCURS\u00d5ES (GRUPOS)<\/p>\n<\/td>\n<\/tr>\n<tr valign=\"top\">\n<td width=\"133\">\n<p class=\"western\" align=\"justify\">12\/12 \u00e0 17\/12<\/p>\n<\/td>\n<td width=\"278\">\n<p class=\"western\" align=\"justify\">3\u00aa Semana de Dezembro<\/p>\n<\/td>\n<\/tr>\n<tr valign=\"top\">\n<td width=\"133\">\n<p class=\"western\" align=\"justify\">19\/12 \u00e0 25\/12<\/p>\n<\/td>\n<td width=\"278\">\n<p class=\"western\" align=\"justify\">SEMANA DO NATAL (7 di\u00e1rias)<\/p>\n<p class=\"western\" align=\"right\">(inscri\u00e7\u00f5es de 23\/10 \u00e0 17\/11\/2017) \u25ba<\/p>\n<\/td>\n<\/tr>\n<tr valign=\"top\">\n<td width=\"133\">\n<p class=\"western\" align=\"justify\">27\/12\/2017 \u00e0 01\/01\/2018<\/p>\n<\/td>\n<td width=\"278\">\n<p class=\"western\" align=\"justify\">SEMANA DO ANO NOVO (6 di\u00e1rias)<\/p>\n<p class=\"western\" align=\"right\">(inscri\u00e7\u00f5es de 23\/10 \u00e0 17\/11\/2017) \u25ba<\/p>\n<\/td>\n<\/tr>\n<\/tbody>\n<\/table>\n<p class=\"western\" align=\"justify\"><b>JANEIRO\/2018<\/b><\/p>\n<table width=\"600\" cellspacing=\"0\" cellpadding=\"5\">\n<colgroup>\n<col width=\"133\">\n<col width=\"278\"> <\/colgroup>\n<tbody>\n<tr valign=\"top\">\n<td width=\"133\">\n<p class=\"western\" align=\"justify\">03\/01 \u00e0 07\/01<\/p>\n<\/td>\n<td width=\"278\">\n<p class=\"western\" align=\"justify\">1\u00aa Semana (5 di\u00e1rias)<\/p>\n<\/td>\n<\/tr>\n<tr valign=\"top\">\n<td width=\"133\">\n<p class=\"western\" align=\"justify\">09\/01 \u00e0 14\/01<\/p>\n<\/td>\n<td width=\"278\">\n<p class=\"western\" align=\"justify\">2\u00aa Semana (6 di\u00e1rias)<\/p>\n<\/td>\n<\/tr>\n<tr valign=\"top\">\n<td width=\"133\">\n<p class=\"western\" align=\"justify\">16\/01 \u00e0 21\/01<\/p>\n<\/td>\n<td width=\"278\">\n<p class=\"western\" align=\"justify\">3\u00aa Semana (6 di\u00e1rias)<\/p>\n<\/td>\n<\/tr>\n<tr valign=\"top\">\n<td width=\"133\">\n<p class=\"western\" align=\"justify\"><strong>23\/01 \u00e0 28\/01<\/strong><\/p>\n<\/td>\n<td width=\"278\">\n<p class=\"western\" align=\"justify\">4\u00aa Semana (6 di\u00e1rias)<\/p>\n<\/td>\n<\/tr>\n<\/tbody>\n<\/table>\n<p class=\"western\" align=\"justify\"><b>FEVEREIRO\/2018<\/b><\/p>\n<table width=\"600\" cellspacing=\"0\" cellpadding=\"5\">\n<colgroup>\n<col width=\"133\">\n<col width=\"278\"> <\/colgroup>\n<tbody>\n<tr>\n<td width=\"133\" valign=\"top\">\n<p class=\"western\" align=\"justify\">30\/01 \u00e0 04\/02<\/p>\n<\/td>\n<td width=\"278\">\n<p class=\"western\">1\u00aa semana (6 di\u00e1rias)<\/p>\n<\/td>\n<\/tr>\n<tr>\n<td width=\"133\" valign=\"top\">\n<p class=\"western\" align=\"justify\">06\/02 \u00e0 13\/02<\/p>\n<\/td>\n<td width=\"278\">\n<p class=\"western\">Semana do Carnaval (8 di\u00e1rias) ) (inscri\u00e7\u00f5es de 23\/10 \u00e0 <strong>17\/11\/2017<\/strong>)<\/p>\n<\/td>\n<\/tr>\n<tr valign=\"top\">\n<td width=\"133\">\n<p class=\"western\" align=\"justify\">15\/02 \u00e0 18\/02<\/p>\n<\/td>\n<td width=\"278\">\n<p class=\"western\" align=\"justify\">Excurs\u00e3o p\u00f3s Carnaval (Grupos ) 3\u00aa semana<\/p>\n<\/td>\n<\/tr>\n<tr valign=\"top\">\n<td width=\"133\" height=\"4\">\n<p class=\"western\">20\/02 \u00e0 25\/02<\/p>\n<\/td>\n<td width=\"278\">\n<p class=\"western\" align=\"justify\">4\u00aa semana (6 di\u00e1rias)<\/p>\n<\/td>\n<\/tr>\n<\/tbody>\n<\/table>\n<p class=\"western\" align=\"justify\"><b>MAR\u00c7O\/2018<\/b><\/p>\n<table width=\"600\" cellspacing=\"0\" cellpadding=\"5\">\n<colgroup>\n<col width=\"133\">\n<col width=\"278\"> <\/colgroup>\n<tbody>\n<tr valign=\"top\">\n<td width=\"133\">\n<p class=\"western\" align=\"justify\">27\/02 \u00e0 04\/03<\/p>\n<\/td>\n<td width=\"278\">\n<p class=\"western\" align=\"justify\">1\u00aa semana (6 di\u00e1rias)<\/p>\n<\/td>\n<\/tr>\n<tr valign=\"top\">\n<td width=\"133\">\n<p class=\"western\" align=\"justify\">06\/03 \u00e0 11\/03<\/p>\n<\/td>\n<td width=\"278\">\n<p class=\"western\" align=\"justify\">2\u00aa Semana (6 di\u00e1rias)<\/p>\n<\/td>\n<\/tr>\n<tr valign=\"top\">\n<td width=\"133\">\n<p class=\"western\" align=\"justify\">13\/03 \u00e0 18\/03<\/p>\n<\/td>\n<td width=\"278\">\n<p class=\"western\" align=\"justify\">3\u00aa Semana (6 di\u00e1rias)<\/p>\n<\/td>\n<\/tr>\n<tr valign=\"top\">\n<td width=\"133\">\n<p class=\"western\" align=\"justify\">20\/03 \u00e0 25\/03<\/p>\n<\/td>\n<td width=\"278\">\n<p class=\"western\" align=\"justify\">4\u00aa Semana (6 di\u00e1rias)<\/p>\n<\/td>\n<\/tr>\n<\/tbody>\n<\/table>\n<p class=\"western\" align=\"justify\"><b>VALORES:<\/b> hospedagem com caf\u00e9 da manh\u00e3, almo\u00e7o e jantar<\/p>\n<table width=\"600\" cellspacing=\"0\" cellpadding=\"5\">\n<colgroup>\n<col width=\"205\">\n<col width=\"206\"> <\/colgroup>\n<tbody>\n<tr valign=\"top\">\n<td width=\"205\">\n<p class=\"western\" align=\"justify\"><b>Associados e dependentes<\/b><\/p>\n<\/td>\n<td width=\"206\">\n<p class=\"western\" align=\"right\">R$ <b>65,00<\/b><\/p>\n<\/td>\n<\/tr>\n<tr valign=\"top\">\n<td width=\"205\">\n<p class=\"western\"><b>Crian\u00e7as de 04 \u00e0 09 anos<\/b><\/p>\n<\/td>\n<td width=\"206\">\n<p class=\"western\" align=\"right\">R$ <b>50,00<\/b><\/p>\n<\/td>\n<\/tr>\n<\/tbody>\n<\/table>\n<table width=\"600\" cellspacing=\"0\" cellpadding=\"5\">\n<colgroup>\n<col width=\"205\">\n<col width=\"206\"> <\/colgroup>\n<tbody>\n<tr>\n<td width=\"205\" valign=\"top\">\n<p class=\"western\">Parentes (filhos solteiros acima de 18 anos, genro, Nora, Primos, Sobrinhos, Cunhados, Sogra, Sogro, etc.)<\/p>\n<\/td>\n<td width=\"206\">\n<p class=\"western\" align=\"right\">R$ 85,00<\/p>\n<\/td>\n<\/tr>\n<tr valign=\"top\">\n<td width=\"205\">\n<p class=\"western\" align=\"justify\">Crian\u00e7as de 04 \u00e0 09 anos.<\/p>\n<\/td>\n<td width=\"206\">\n<p class=\"western\" align=\"right\">R$ 70,00<\/p>\n<\/td>\n<\/tr>\n<\/tbody>\n<\/table>\n<table width=\"600\" cellspacing=\"0\" cellpadding=\"5\">\n<colgroup>\n<col width=\"205\">\n<col width=\"206\"> <\/colgroup>\n<tbody>\n<tr valign=\"top\">\n<td width=\"205\">\n<p class=\"western\" align=\"justify\">N\u00e3o associados<\/p>\n<\/td>\n<td width=\"206\">\n<p class=\"western\" align=\"right\">R$ 120,00<\/p>\n<\/td>\n<\/tr>\n<tr valign=\"top\">\n<td width=\"205\">\n<p class=\"western\" align=\"justify\">Crian\u00e7as de 04 \u00e0 09 anos<\/p>\n<\/td>\n<td width=\"206\">\n<p class=\"western\" style=\"text-align: right;\" align=\"center\">R$ 100,00<\/p>\n<\/td>\n<\/tr>\n<\/tbody>\n<\/table>\n<p class=\"western\">Obs. para quem entrar na 2\u00aa feira ap\u00f3s as 18:00 horas ser\u00e1 cobrado pernoite nos valores:<\/p>\n<table width=\"600\" cellspacing=\"0\" cellpadding=\"5\">\n<colgroup>\n<col width=\"205\">\n<col width=\"206\"> <\/colgroup>\n<tbody>\n<tr valign=\"top\">\n<td width=\"205\">\n<p class=\"western\" align=\"justify\">Associado e Dependente<\/p>\n<\/td>\n<td width=\"206\">\n<p class=\"western\" align=\"right\">R$ 15,00<\/p>\n<\/td>\n<\/tr>\n<tr valign=\"top\">\n<td width=\"205\">\n<p class=\"western\" align=\"justify\">Parente<\/p>\n<\/td>\n<td width=\"206\">\n<p class=\"western\" align=\"right\">R$ 25,00<\/p>\n<\/td>\n<\/tr>\n<tr valign=\"top\">\n<td width=\"205\">\n<p class=\"western\" align=\"justify\">N\u00e3o S\u00f3cio<\/p>\n<\/td>\n<td width=\"206\">\n<p class=\"western\" align=\"right\">R$ 30,00<\/p>\n<\/td>\n<\/tr>\n<\/tbody>\n<\/table>\n<p>&nbsp;<\/p>\n<p class=\"western\">As inscri\u00e7\u00f5es dever\u00e3o ser feitas atrav\u00e9s do site <u><a href=\"http:\/\/WWW.assef.org.br\/\">www.assef.org.br<\/a><\/u> (menu Reserva 2017-2018) ou dos telefones 41\u20133333-7622 e 0800 600 7622 \u2013 C\/ Ros\u00e2ngela e Pedro.<strong> Inscri\u00e7\u00e3o somente a partir do dia 23 de Outubro.<\/strong><\/p>\n<h4 class=\"western\" align=\"justify\">\u25ba O sorteio das inscri\u00e7\u00f5es para o Ano Novo e Carnaval, ser\u00e1 realizado na Assembleia de Presta\u00e7\u00e3o de Contas dia<b> 09 <\/b>de <b>dezembro<\/b> de <b>2017<\/b>.<\/h4>\n<blockquote><p>Op\u00e7\u00e3o de Inscri\u00e7\u00e3o pela internet, somente a partir do dia 23 de Outubro, 2017 at\u00e9 17 de Novembro de 2017.<\/p>\n<h1>Ligue 0800-600-7622 durante a semana das 8:30 as 16:30<\/h1>\n<h1><a href=\"http:\/\/www.assef.org.br\/portalassef\/inscricoes-encerradas-pela-internet-2\/\" target=\"_blank\" rel=\"noopener noreferrer\"><strong>Clique AQUI para acessar o<\/strong><\/a><\/h1>\n<h1><a href=\"http:\/\/www.assef.org.br\/portalassef\/inscricoes-encerradas-pela-internet-2\/\" target=\"_blank\" rel=\"noopener noreferrer\"><strong>Formul\u00e1rio de Inscri\u00e7\u00e3o ON LINE <\/strong><\/a><\/h1>\n<pre><strong>COMPAT\u00cdVEL COM O NAVEGADOR FIREFOX , NAVEGADOR GOOGLE CHROME\r\n<\/strong><em> INTERNET EXPLORER COM PROBLEMAS, \r\npara desktops os computadores convencionais, esta aplica\u00e7\u00e3o<strong> *n\u00e3o \u00e9 compat\u00edvel com dispositivos moveis<\/strong> (celulares e tablets) <\/em>\r\n<\/pre>\n<p>&nbsp;<a href=\"http:\/\/www.assef.org.br\/portalassef\/inscricoes-encerradas-pela-internet-2\/\"><img loading=\"lazy\" decoding=\"async\" class=\"aligncenter wp-image-5602 size-full\" src=\"http:\/\/www.assef.org.br\/portalassef\/wp-content\/uploads\/2017\/10\/prereserva-link.png\" alt=\"Fa\u00e7a sua pr\u00e9 reserva aqui\" width=\"339\" height=\"113\" srcset=\"https:\/\/www.assef.org.br\/portalassef\/wp-content\/uploads\/2017\/10\/prereserva-link.png 339w, https:\/\/www.assef.org.br\/portalassef\/wp-content\/uploads\/2017\/10\/prereserva-link-300x100.png 300w\" sizes=\"(max-width: 339px) 100vw, 339px\" \/><\/a><\/p><\/blockquote>\n<h3><a href=\"http:\/\/www.assef.org.br\/portalassef\/wp-content\/uploads\/2017\/10\/CALENDARIO_DA_TEMPORADA_DE_PRAIA_2017-2018.pdf\">Clique aqui para Mostrar Calend\u00e1rio em PDF recomendado para impress\u00e3o<\/a><\/h3>\n<p><a href=\"http:\/\/www.assef.org.br\/portalassef\/wp-content\/uploads\/2017\/10\/CALENDARIO_DA_TEMPORADA_DE_PRAIA_2017-2018-1.pdf\"><img loading=\"lazy\" decoding=\"async\" class=\"aligncenter\" title=\"baixarpdf\" src=\"http:\/\/www.assef.org.br\/portalassef\/wp-content\/uploads\/2012\/10\/baixarpdf.jpg\" width=\"250\" height=\"105\"><\/a><\/p>\n","protected":false},"excerpt":{"rendered":"<p>CALEND\u00c1RIO DA TEMPORADA DE PRAIA 2017\/2018 Inscri\u00e7\u00f5es de Reserva a partir de 23 de Outubro de 2017 &nbsp; DEZEMBRO\/2017 De 01 \u00e0 10 PER\u00cdODO RESERVADO PARA EXCURS\u00d5ES (GRUPOS) 12\/12 \u00e0 17\/12 3\u00aa Semana de Dezembro 19\/12 \u00e0 25\/12 SEMANA DO NATAL (7 di\u00e1rias) (inscri\u00e7\u00f5es de 23\/10 \u00e0 17\/11\/2017) \u25ba 27\/12\/2017 \u00e0 01\/01\/2018 SEMANA DO ANO &hellip; <\/p>\n<p><a class=\"more-link btn\" href=\"https:\/\/www.assef.org.br\/portalassef\/calendario-da-temporada-de-praia-20172018\/\">Continue lendo<\/a><\/p>\n","protected":false},"author":2,"featured_media":4790,"comment_status":"closed","ping_status":"open","sticky":false,"template":"","format":"standard","meta":{"_monsterinsights_skip_tracking":false,"_monsterinsights_sitenote_active":false,"_monsterinsights_sitenote_note":"","_monsterinsights_sitenote_category":0,"_uf_show_specific_survey":0,"_uf_disable_surveys":false,"ngg_post_thumbnail":0,"footnotes":""},"categories":[1,21,62],"tags":[93,51,94],"aioseo_notices":[],"_links":{"self":[{"href":"https:\/\/www.assef.org.br\/portalassef\/wp-json\/wp\/v2\/posts\/5492"}],"collection":[{"href":"https:\/\/www.assef.org.br\/portalassef\/wp-json\/wp\/v2\/posts"}],"about":[{"href":"https:\/\/www.assef.org.br\/portalassef\/wp-json\/wp\/v2\/types\/post"}],"author":[{"embeddable":true,"href":"https:\/\/www.assef.org.br\/portalassef\/wp-json\/wp\/v2\/users\/2"}],"replies":[{"embeddable":true,"href":"https:\/\/www.assef.org.br\/portalassef\/wp-json\/wp\/v2\/comments?post=5492"}],"version-history":[{"count":19,"href":"https:\/\/www.assef.org.br\/portalassef\/wp-json\/wp\/v2\/posts\/5492\/revisions"}],"predecessor-version":[{"id":5687,"href":"https:\/\/www.assef.org.br\/portalassef\/wp-json\/wp\/v2\/posts\/5492\/revisions\/5687"}],"wp:featuredmedia":[{"embeddable":true,"href":"https:\/\/www.assef.org.br\/portalassef\/wp-json\/wp\/v2\/media\/4790"}],"wp:attachment":[{"href":"https:\/\/www.assef.org.br\/portalassef\/wp-json\/wp\/v2\/media?parent=5492"}],"wp:term":[{"taxonomy":"category","embeddable":true,"href":"https:\/\/www.assef.org.br\/portalassef\/wp-json\/wp\/v2\/categories?post=5492"},{"taxonomy":"post_tag","embeddable":true,"href":"https:\/\/www.assef.org.br\/portalassef\/wp-json\/wp\/v2\/tags?post=5492"}],"curies":[{"name":"wp","href":"https:\/\/api.w.org\/{rel}","templated":true}]}}