{"id":57,"date":"2012-04-26T19:20:33","date_gmt":"2012-04-26T19:20:33","guid":{"rendered":"http:\/\/www.assef.org.br\/portalassef\/?p=57"},"modified":"2013-11-04T22:07:37","modified_gmt":"2013-11-05T01:07:37","slug":"promocao-dia-e-mes-das-maes-2012","status":"publish","type":"post","link":"https:\/\/www.assef.org.br\/portalassef\/promocao-dia-e-mes-das-maes-2012\/","title":{"rendered":"Promo\u00e7\u00e3o Dia e M\u00eas das M\u00e3es 2012"},"content":{"rendered":"<p style=\"text-align: justify;\"><a href=\"http:\/\/www.assef.org.br\/portalassef\/wp-content\/uploads\/2012\/04\/maes.jpg\"><img loading=\"lazy\" decoding=\"async\" class=\"alignleft size-thumbnail wp-image-61\" title=\"Promo\u00e7\u00e3o Dia e M\u00eas das M\u00e3es 2012\" alt=\"Promo\u00e7\u00e3o Dia e M\u00eas das M\u00e3es 2012\" src=\"http:\/\/www.assef.org.br\/portalassef\/wp-content\/uploads\/2012\/04\/maes-150x150.jpg\" width=\"150\" height=\"150\" \/><\/a>Maio \u00e9 o m\u00eas das m\u00e3es, e na assef, toda a mulher associada ser\u00e1 homenageada.<\/p>\n<p style=\"text-align: justify;\">Ser\u00e3o sorteados v\u00e1rios pr\u00eamios, n\u00e3o deixe de participar de mais esta promo\u00e7\u00e3o da assef.<\/p>\n<p style=\"text-align: justify;\">Fa\u00e7a sua inscri\u00e7\u00e3o at\u00e9 o dia 30\/05\/2012. (obs. Somente uma inscri\u00e7\u00e3o por associada); o sorteio dos presentes, ser\u00e1 na assembl\u00e9ia de presta\u00e7\u00e3o de contas, a principio com realiza\u00e7\u00e3o prevista para junho\/2012.<\/p>\n<p style=\"text-align: justify;\">Logo abaixo voc\u00ea poder\u00e1 visualizar a ficha de inscri\u00e7\u00e3o e imprimi-la para preenchimento e enviar para assef Curitiba atrav\u00e9s de fone\/fax 41 3333 7622 ou 0800 600 7622, pelo e-mail assef2000@terra.com.br, ou ainda fa\u00e7a sua inscri\u00e7\u00e3o no campo fale conosco, informando seus dados pessoais (local de trabalho, telefone, rg, nome completo e e-mail para resposta). N\u00e3o deixe de participar.<\/p>\n<p>Boa sorte a todas as nossas mulheres associadas.<\/p>\n<p>A diretoria<\/p>\n<p><a title=\"Formulario de inscri\u00e7\u00e3o mes das m\u00e3es\" href=\"http:\/\/www.assef.org.br\/portalassef\/wp-content\/uploads\/2012\/06\/formulario_promocao_maes.doc\">::\u00a0 Formu\u00e1rio de Inscri\u00e7\u00e3o (em word)<\/a><\/p>\n<p>&nbsp;<\/p>\n","protected":false},"excerpt":{"rendered":"<p>Maio \u00e9 o m\u00eas das m\u00e3es, e na assef, toda a mulher associada ser\u00e1 homenageada. Ser\u00e3o sorteados v\u00e1rios pr\u00eamios, n\u00e3o deixe de participar de mais esta promo\u00e7\u00e3o da assef. Fa\u00e7a sua inscri\u00e7\u00e3o at\u00e9 o dia 30\/05\/2012. (obs. Somente uma inscri\u00e7\u00e3o por associada); o sorteio dos presentes, ser\u00e1 na assembl\u00e9ia de presta\u00e7\u00e3o de contas, a principio &hellip; <\/p>\n<p><a class=\"more-link btn\" href=\"https:\/\/www.assef.org.br\/portalassef\/promocao-dia-e-mes-das-maes-2012\/\">Continue lendo<\/a><\/p>\n","protected":false},"author":1,"featured_media":0,"comment_status":"closed","ping_status":"open","sticky":false,"template":"","format":"standard","meta":{"_monsterinsights_skip_tracking":false,"_monsterinsights_sitenote_active":false,"_monsterinsights_sitenote_note":"","_monsterinsights_sitenote_category":0,"_uf_show_specific_survey":0,"_uf_disable_surveys":false,"ngg_post_thumbnail":0,"footnotes":""},"categories":[1],"tags":[82],"aioseo_notices":[],"_links":{"self":[{"href":"https:\/\/www.assef.org.br\/portalassef\/wp-json\/wp\/v2\/posts\/57"}],"collection":[{"href":"https:\/\/www.assef.org.br\/portalassef\/wp-json\/wp\/v2\/posts"}],"about":[{"href":"https:\/\/www.assef.org.br\/portalassef\/wp-json\/wp\/v2\/types\/post"}],"author":[{"embeddable":true,"href":"https:\/\/www.assef.org.br\/portalassef\/wp-json\/wp\/v2\/users\/1"}],"replies":[{"embeddable":true,"href":"https:\/\/www.assef.org.br\/portalassef\/wp-json\/wp\/v2\/comments?post=57"}],"version-history":[{"count":19,"href":"https:\/\/www.assef.org.br\/portalassef\/wp-json\/wp\/v2\/posts\/57\/revisions"}],"predecessor-version":[{"id":1351,"href":"https:\/\/www.assef.org.br\/portalassef\/wp-json\/wp\/v2\/posts\/57\/revisions\/1351"}],"wp:attachment":[{"href":"https:\/\/www.assef.org.br\/portalassef\/wp-json\/wp\/v2\/media?parent=57"}],"wp:term":[{"taxonomy":"category","embeddable":true,"href":"https:\/\/www.assef.org.br\/portalassef\/wp-json\/wp\/v2\/categories?post=57"},{"taxonomy":"post_tag","embeddable":true,"href":"https:\/\/www.assef.org.br\/portalassef\/wp-json\/wp\/v2\/tags?post=57"}],"curies":[{"name":"wp","href":"https:\/\/api.w.org\/{rel}","templated":true}]}}