{"id":5704,"date":"2018-05-24T10:20:05","date_gmt":"2018-05-24T13:20:05","guid":{"rendered":"http:\/\/www.assef.org.br\/portalassef\/?p=5704"},"modified":"2019-03-16T17:23:15","modified_gmt":"2019-03-16T20:23:15","slug":"nota-de-falecimento","status":"publish","type":"post","link":"https:\/\/www.assef.org.br\/portalassef\/nota-de-falecimento\/","title":{"rendered":"Nota de Pesar"},"content":{"rendered":"<p><a href=\"http:\/\/www.assef.org.br\/portalassef\/wp-content\/uploads\/2018\/05\/notadepesar2018.jpg\"><img loading=\"lazy\" decoding=\"async\" class=\"alignleft wp-image-5707 size-medium\" src=\"http:\/\/www.assef.org.br\/portalassef\/wp-content\/uploads\/2018\/05\/notadepesar2018-300x225.jpg\" alt=\"\" height=\"225\" width=\"300\" srcset=\"https:\/\/www.assef.org.br\/portalassef\/wp-content\/uploads\/2018\/05\/notadepesar2018-300x225.jpg 300w, https:\/\/www.assef.org.br\/portalassef\/wp-content\/uploads\/2018\/05\/notadepesar2018-768x576.jpg 768w, https:\/\/www.assef.org.br\/portalassef\/wp-content\/uploads\/2018\/05\/notadepesar2018.jpg 900w\" sizes=\"(max-width: 300px) 100vw, 300px\" \/><\/a> Os associados do n\u00facleo da Assef de Umuarama manifesta com pesar o falecimento da Sra S\u00edlvia Maria Santini, m\u00e3e do Diretor Geral da ASSEF, Celso Wilson Santini.<\/p>\n<p>Deixamos nossa mais sinceras condol\u00eancias a fam\u00edlia e amigos por esta inestim\u00e1vel perda.<\/p>\n","protected":false},"excerpt":{"rendered":"<p>Os associados do n\u00facleo da Assef de Umuarama manifesta com pesar o falecimento da Sra S\u00edlvia Maria Santini, m\u00e3e do Diretor Geral da ASSEF, Celso Wilson Santini. Deixamos nossa mais sinceras condol\u00eancias a fam\u00edlia e amigos por esta inestim\u00e1vel perda.<\/p>\n","protected":false},"author":2,"featured_media":5706,"comment_status":"closed","ping_status":"open","sticky":false,"template":"","format":"standard","meta":{"_monsterinsights_skip_tracking":false,"_monsterinsights_sitenote_active":false,"_monsterinsights_sitenote_note":"","_monsterinsights_sitenote_category":0,"_uf_show_specific_survey":0,"_uf_disable_surveys":false,"ngg_post_thumbnail":0,"footnotes":""},"categories":[1,70],"tags":[],"aioseo_notices":[],"_links":{"self":[{"href":"https:\/\/www.assef.org.br\/portalassef\/wp-json\/wp\/v2\/posts\/5704"}],"collection":[{"href":"https:\/\/www.assef.org.br\/portalassef\/wp-json\/wp\/v2\/posts"}],"about":[{"href":"https:\/\/www.assef.org.br\/portalassef\/wp-json\/wp\/v2\/types\/post"}],"author":[{"embeddable":true,"href":"https:\/\/www.assef.org.br\/portalassef\/wp-json\/wp\/v2\/users\/2"}],"replies":[{"embeddable":true,"href":"https:\/\/www.assef.org.br\/portalassef\/wp-json\/wp\/v2\/comments?post=5704"}],"version-history":[{"count":6,"href":"https:\/\/www.assef.org.br\/portalassef\/wp-json\/wp\/v2\/posts\/5704\/revisions"}],"predecessor-version":[{"id":5713,"href":"https:\/\/www.assef.org.br\/portalassef\/wp-json\/wp\/v2\/posts\/5704\/revisions\/5713"}],"wp:featuredmedia":[{"embeddable":true,"href":"https:\/\/www.assef.org.br\/portalassef\/wp-json\/wp\/v2\/media\/5706"}],"wp:attachment":[{"href":"https:\/\/www.assef.org.br\/portalassef\/wp-json\/wp\/v2\/media?parent=5704"}],"wp:term":[{"taxonomy":"category","embeddable":true,"href":"https:\/\/www.assef.org.br\/portalassef\/wp-json\/wp\/v2\/categories?post=5704"},{"taxonomy":"post_tag","embeddable":true,"href":"https:\/\/www.assef.org.br\/portalassef\/wp-json\/wp\/v2\/tags?post=5704"}],"curies":[{"name":"wp","href":"https:\/\/api.w.org\/{rel}","templated":true}]}}