{"id":583,"date":"2012-07-05T13:16:34","date_gmt":"2012-07-05T16:16:34","guid":{"rendered":"http:\/\/www.assef.org.br\/portalassef\/?p=583"},"modified":"2012-11-22T14:00:31","modified_gmt":"2012-11-22T17:00:31","slug":"convocacao-de-assembleia-para-julho-de-2012","status":"publish","type":"post","link":"https:\/\/www.assef.org.br\/portalassef\/convocacao-de-assembleia-para-julho-de-2012\/","title":{"rendered":"Convoca\u00e7\u00e3o de assembl\u00e9ia para 14 de julho de 2012"},"content":{"rendered":"<div>\n<p align=\"center\"><strong><a href=\"http:\/\/www.assef.org.br\/portalassef\/wp-content\/uploads\/2012\/07\/2012_01_EDITAL_DE_CONVACAO_ASSEF-e1341960181443.jpg\"><img loading=\"lazy\" decoding=\"async\" class=\"alignleft size-thumbnail wp-image-602\" title=\"2012_01_EDITAL_DE_CONVACAO_ASSEF\" src=\"http:\/\/www.assef.org.br\/portalassef\/wp-content\/uploads\/2012\/07\/2012_01_EDITAL_DE_CONVACAO_ASSEF-150x150.jpg\" alt=\"Edital de Convoca\u00e7\u00e3o 01 de 2012\" width=\"150\" height=\"150\" \/><\/a>EDITAL DE CONVOCA\u00c7\u00c3O N\u00ba 01\/12<\/strong><\/p>\n<p style=\"text-align: justify;\">\u00a0O Presidente da ASSEF, no uso de suas atribui\u00e7\u00f5es legais contidas no Estatuto, artigo 15\u00ba, inciso I, convoca todos os associados em pleno gozo de seus direitos estatut\u00e1rios, para Assembl\u00e9ia Geral Ordin\u00e1ria, a realizar-se no dia <strong>14\/07\/12<\/strong>, no Audit\u00f3rio Ailton Gilmar de Castro Macedo, sito a <a title=\"MAPA DO LOCAL DA ASSEMBLEIA\" href=\"http:\/\/maps.google.com.br\/maps?q=rua+Brasilio+Itiber%C3%AA,+2895&amp;sugexp=chrome,mod%3D6&amp;um=1&amp;ie=UTF-8&amp;sa=X&amp;ei=hlmuUNmmPJGi8QT3lIDAAw&amp;ved=0CAgQ_AUoAA\" target=\"_blank\">Rua Brasilio Itiber\u00ea, 2895, em Curitiba<\/a>, com primeira chamada as <strong>08:00<\/strong> horas com presen\u00e7a de 1% dos associados, e segunda chamada as <strong>08:30<\/strong> horas, com o n\u00famero de associados que estiverem presentes, para deliberar sobre a seguinte ordem do dia:<\/p>\n<p>1\u00ba &#8211; Presta\u00e7\u00e3o de Contas do per\u00edodo de <strong>Outubro de 2011 \u00e0 Mar\u00e7o de 2012.<\/strong><\/p>\n<p>2\u00ba &#8211; Sorteio de um presente referente a promo\u00e7\u00e3o Incentivo aos N\u00facleos.<\/p>\n<p>3\u00ba Lan\u00e7amento oficial do 4\u00ba FEVAMA em seu novo modelo de disputa.<\/p>\n<p>4\u00ba -Sorteio e entrega de presentes referente a promo\u00e7\u00e3o M\u00eas das M\u00e3es<\/p>\n<p>Curitiba, 29 de Junho de 2012.<\/p>\n<p align=\"center\">Celso Wilson Santini<\/p>\n<p align=\"center\">Presidente<\/p>\n<p>&nbsp;<\/p>\n<blockquote>\n<p style=\"text-align: center;\"><strong>Obs. para o interior do Estado, ser\u00e1 liberado 02 (duas) passagens de \u00f4nibus convencional por Regional e Hospital.<\/strong><\/p>\n<h2 style=\"text-align: center;\"><span style=\"color: #ff0000;\"><strong>\u201cfavor confirmar presen\u00e7a at\u00e9 o dia 12\/07\/12\u201d.<\/strong><\/span><\/h2>\n<\/blockquote>\n<\/div>\n","protected":false},"excerpt":{"rendered":"<p>EDITAL DE CONVOCA\u00c7\u00c3O N\u00ba 01\/12 \u00a0O Presidente da ASSEF, no uso de suas atribui\u00e7\u00f5es legais contidas no Estatuto, artigo 15\u00ba, inciso I, convoca todos os associados em pleno gozo de seus direitos estatut\u00e1rios, para Assembl\u00e9ia Geral Ordin\u00e1ria, a realizar-se no dia 14\/07\/12, no Audit\u00f3rio Ailton Gilmar de Castro Macedo, sito a Rua Brasilio Itiber\u00ea, 2895, &hellip; <\/p>\n<p><a class=\"more-link btn\" href=\"https:\/\/www.assef.org.br\/portalassef\/convocacao-de-assembleia-para-julho-de-2012\/\">Continue lendo<\/a><\/p>\n","protected":false},"author":2,"featured_media":0,"comment_status":"closed","ping_status":"open","sticky":false,"template":"","format":"standard","meta":{"_monsterinsights_skip_tracking":false,"_monsterinsights_sitenote_active":false,"_monsterinsights_sitenote_note":"","_monsterinsights_sitenote_category":0,"_uf_show_specific_survey":0,"_uf_disable_surveys":false,"ngg_post_thumbnail":0,"footnotes":""},"categories":[33,1],"tags":[24,42],"aioseo_notices":[],"_links":{"self":[{"href":"https:\/\/www.assef.org.br\/portalassef\/wp-json\/wp\/v2\/posts\/583"}],"collection":[{"href":"https:\/\/www.assef.org.br\/portalassef\/wp-json\/wp\/v2\/posts"}],"about":[{"href":"https:\/\/www.assef.org.br\/portalassef\/wp-json\/wp\/v2\/types\/post"}],"author":[{"embeddable":true,"href":"https:\/\/www.assef.org.br\/portalassef\/wp-json\/wp\/v2\/users\/2"}],"replies":[{"embeddable":true,"href":"https:\/\/www.assef.org.br\/portalassef\/wp-json\/wp\/v2\/comments?post=583"}],"version-history":[{"count":23,"href":"https:\/\/www.assef.org.br\/portalassef\/wp-json\/wp\/v2\/posts\/583\/revisions"}],"predecessor-version":[{"id":585,"href":"https:\/\/www.assef.org.br\/portalassef\/wp-json\/wp\/v2\/posts\/583\/revisions\/585"}],"wp:attachment":[{"href":"https:\/\/www.assef.org.br\/portalassef\/wp-json\/wp\/v2\/media?parent=583"}],"wp:term":[{"taxonomy":"category","embeddable":true,"href":"https:\/\/www.assef.org.br\/portalassef\/wp-json\/wp\/v2\/categories?post=583"},{"taxonomy":"post_tag","embeddable":true,"href":"https:\/\/www.assef.org.br\/portalassef\/wp-json\/wp\/v2\/tags?post=583"}],"curies":[{"name":"wp","href":"https:\/\/api.w.org\/{rel}","templated":true}]}}