{"id":5975,"date":"2019-10-04T06:14:17","date_gmt":"2019-10-04T09:14:17","guid":{"rendered":"https:\/\/www.assef.org.br\/portalassef\/?p=5975"},"modified":"2019-11-16T16:11:22","modified_gmt":"2019-11-16T19:11:22","slug":"comissao-eleitoral-resolucao-002-2019-eleicoes-gestao-2019-2023","status":"publish","type":"post","link":"https:\/\/www.assef.org.br\/portalassef\/comissao-eleitoral-resolucao-002-2019-eleicoes-gestao-2019-2023\/","title":{"rendered":"Comiss\u00e3o Eleitoral  &#8211; Resolu\u00e7\u00e3o 002\/2019 &#8211; Elei\u00e7\u00f5es Gest\u00e3o 2019-2023"},"content":{"rendered":"\r\n<div class=\"wp-block-image\">\r\n<figure class=\"alignleft is-resized\"><img loading=\"lazy\" decoding=\"async\" class=\"wp-image-5976\" src=\"https:\/\/www.assef.org.br\/portalassef\/wp-content\/uploads\/2019\/10\/2019-10-04-Resolu\u00e7\u00e3o002-Comiss\u00e3oEleitoral.png\" alt=\"\" width=\"290\" height=\"376\" srcset=\"https:\/\/www.assef.org.br\/portalassef\/wp-content\/uploads\/2019\/10\/2019-10-04-Resolu\u00e7\u00e3o002-Comiss\u00e3oEleitoral.png 480w, https:\/\/www.assef.org.br\/portalassef\/wp-content\/uploads\/2019\/10\/2019-10-04-Resolu\u00e7\u00e3o002-Comiss\u00e3oEleitoral-232x300.png 232w\" sizes=\"(max-width: 290px) 100vw, 290px\" \/><\/figure>\r\n<\/div>\r\n\r\n\r\n\r\n<p>RESOLU\u00c7\u00c3O 002\/2019<\/p>\r\n\r\n\r\n\r\n<p>&#8211; Considerando a viabiliza\u00e7\u00e3o do processo eleitoral, no tocante aos trabalhos de coleta de votos nas mesas coletoras das Regionais de Sa\u00fade, Departamentos e Hospitais, tendo dificuldade em conseguir associados para esse trabalho conforme artigo 38 inciso VII do estatuto;<\/p>\r\n\r\n\r\n\r\n<p>A Comiss\u00e3o Eleitoral resolve:<\/p>\r\n\r\n\r\n\r\n<p>Autorizar que sejam liberados para compor a mesa de coleta e votos, funcion\u00e1rios volunt\u00e1rios, que n\u00e3o sejam associados da ASSEF e que trabalhem nas unidades da SESA.<\/p>\r\n\r\n\r\n\r\n<p>Jair Ferreira de S\u00e1<\/p>\r\n\r\n\r\n\r\n<p>Presidente da Comiss\u00e3o Eleitoral<\/p>\r\n","protected":false},"excerpt":{"rendered":"<p>RESOLU\u00c7\u00c3O 002\/2019 &#8211; Considerando a viabiliza\u00e7\u00e3o do processo eleitoral, no tocante aos trabalhos de coleta de votos nas mesas coletoras das Regionais de Sa\u00fade, Departamentos e Hospitais, tendo dificuldade em conseguir associados para esse trabalho conforme artigo 38 inciso VII do estatuto; A Comiss\u00e3o Eleitoral resolve: Autorizar que sejam liberados para compor a mesa de &hellip; <\/p>\n<p><a class=\"more-link btn\" href=\"https:\/\/www.assef.org.br\/portalassef\/comissao-eleitoral-resolucao-002-2019-eleicoes-gestao-2019-2023\/\">Continue lendo<\/a><\/p>\n","protected":false},"author":2,"featured_media":5976,"comment_status":"open","ping_status":"open","sticky":false,"template":"","format":"standard","meta":{"_monsterinsights_skip_tracking":false,"_monsterinsights_sitenote_active":false,"_monsterinsights_sitenote_note":"","_monsterinsights_sitenote_category":0,"_uf_show_specific_survey":0,"_uf_disable_surveys":false,"ngg_post_thumbnail":0,"footnotes":""},"categories":[81],"tags":[106,87],"aioseo_notices":[],"_links":{"self":[{"href":"https:\/\/www.assef.org.br\/portalassef\/wp-json\/wp\/v2\/posts\/5975"}],"collection":[{"href":"https:\/\/www.assef.org.br\/portalassef\/wp-json\/wp\/v2\/posts"}],"about":[{"href":"https:\/\/www.assef.org.br\/portalassef\/wp-json\/wp\/v2\/types\/post"}],"author":[{"embeddable":true,"href":"https:\/\/www.assef.org.br\/portalassef\/wp-json\/wp\/v2\/users\/2"}],"replies":[{"embeddable":true,"href":"https:\/\/www.assef.org.br\/portalassef\/wp-json\/wp\/v2\/comments?post=5975"}],"version-history":[{"count":4,"href":"https:\/\/www.assef.org.br\/portalassef\/wp-json\/wp\/v2\/posts\/5975\/revisions"}],"predecessor-version":[{"id":5980,"href":"https:\/\/www.assef.org.br\/portalassef\/wp-json\/wp\/v2\/posts\/5975\/revisions\/5980"}],"wp:featuredmedia":[{"embeddable":true,"href":"https:\/\/www.assef.org.br\/portalassef\/wp-json\/wp\/v2\/media\/5976"}],"wp:attachment":[{"href":"https:\/\/www.assef.org.br\/portalassef\/wp-json\/wp\/v2\/media?parent=5975"}],"wp:term":[{"taxonomy":"category","embeddable":true,"href":"https:\/\/www.assef.org.br\/portalassef\/wp-json\/wp\/v2\/categories?post=5975"},{"taxonomy":"post_tag","embeddable":true,"href":"https:\/\/www.assef.org.br\/portalassef\/wp-json\/wp\/v2\/tags?post=5975"}],"curies":[{"name":"wp","href":"https:\/\/api.w.org\/{rel}","templated":true}]}}