{"id":5982,"date":"2019-10-08T21:23:02","date_gmt":"2019-10-09T00:23:02","guid":{"rendered":"https:\/\/www.assef.org.br\/portalassef\/?p=5982"},"modified":"2019-11-16T16:13:02","modified_gmt":"2019-11-16T19:13:02","slug":"comissao-eleitoral-resolucao-003-2019-urna-itinerante-em-toledo","status":"publish","type":"post","link":"https:\/\/www.assef.org.br\/portalassef\/comissao-eleitoral-resolucao-003-2019-urna-itinerante-em-toledo\/","title":{"rendered":"Comiss\u00e3o Eleitoral  &#8211; Resolu\u00e7\u00e3o 003\/2019 -Urna Itinerante em Toledo"},"content":{"rendered":"\n<p>Comiss\u00e3o\nEleitoral<\/p>\n\n\n\n<figure class=\"wp-block-image\"><img loading=\"lazy\" decoding=\"async\" width=\"432\" height=\"576\" src=\"https:\/\/www.assef.org.br\/portalassef\/wp-content\/uploads\/2019\/10\/comissaoeleitoral-resolucao-003-2019.png\" alt=\"\" class=\"wp-image-5983\" srcset=\"https:\/\/www.assef.org.br\/portalassef\/wp-content\/uploads\/2019\/10\/comissaoeleitoral-resolucao-003-2019.png 432w, https:\/\/www.assef.org.br\/portalassef\/wp-content\/uploads\/2019\/10\/comissaoeleitoral-resolucao-003-2019-225x300.png 225w\" sizes=\"(max-width: 432px) 100vw, 432px\" \/><\/figure>\n\n\n\n<p>RESOLU\u00c7\u00c3O\n 003\/2019<\/p>\n\n\n\n<p>&#8211;\nConsiderando a viabiliza\u00e7\u00e3o do processo eleitoral, no tocante aos\ntrabalhos de coleta de votos da 20\u00aa Regional de Sa\u00fade de Toledo,\nonde essa Comiss\u00e3o n\u00e3o conseguiu ningu\u00e9m para que fossem\nrealizados os trabalhos de mes\u00e1rios; \n<\/p>\n\n\n\n<p><strong>A\nComiss\u00e3o Eleitoral resolve<\/strong>:<\/p>\n\n\n\n<p>Autorizar\nos mes\u00e1rios da urna itinerante da 10\u00aa Regional de Sa\u00fade de\nCascavel, para que realize a coleta dos votos da 20\u00aa R.S de Toledo,\npara que os associados da referida Regional tenham a oportunidade de \nparticipar das elei\u00e7\u00f5es. \n<\/p>\n\n\n\n<p>Jair\nFerreira de S\u00e1<\/p>\n\n\n\n<p>Presidente\nda Comiss\u00e3o Eleitoral<\/p>\n","protected":false},"excerpt":{"rendered":"<p>Comiss\u00e3o Eleitoral RESOLU\u00c7\u00c3O 003\/2019 &#8211; Considerando a viabiliza\u00e7\u00e3o do processo eleitoral, no tocante aos trabalhos de coleta de votos da 20\u00aa Regional de Sa\u00fade de Toledo, onde essa Comiss\u00e3o n\u00e3o conseguiu ningu\u00e9m para que fossem realizados os trabalhos de mes\u00e1rios; A Comiss\u00e3o Eleitoral resolve: Autorizar os mes\u00e1rios da urna itinerante da 10\u00aa Regional de Sa\u00fade &hellip; <\/p>\n<p><a class=\"more-link btn\" href=\"https:\/\/www.assef.org.br\/portalassef\/comissao-eleitoral-resolucao-003-2019-urna-itinerante-em-toledo\/\">Continue lendo<\/a><\/p>\n","protected":false},"author":2,"featured_media":0,"comment_status":"open","ping_status":"open","sticky":false,"template":"","format":"standard","meta":{"_monsterinsights_skip_tracking":false,"_monsterinsights_sitenote_active":false,"_monsterinsights_sitenote_note":"","_monsterinsights_sitenote_category":0,"_uf_show_specific_survey":0,"_uf_disable_surveys":false,"ngg_post_thumbnail":0,"footnotes":""},"categories":[81,21],"tags":[106,87],"aioseo_notices":[],"_links":{"self":[{"href":"https:\/\/www.assef.org.br\/portalassef\/wp-json\/wp\/v2\/posts\/5982"}],"collection":[{"href":"https:\/\/www.assef.org.br\/portalassef\/wp-json\/wp\/v2\/posts"}],"about":[{"href":"https:\/\/www.assef.org.br\/portalassef\/wp-json\/wp\/v2\/types\/post"}],"author":[{"embeddable":true,"href":"https:\/\/www.assef.org.br\/portalassef\/wp-json\/wp\/v2\/users\/2"}],"replies":[{"embeddable":true,"href":"https:\/\/www.assef.org.br\/portalassef\/wp-json\/wp\/v2\/comments?post=5982"}],"version-history":[{"count":1,"href":"https:\/\/www.assef.org.br\/portalassef\/wp-json\/wp\/v2\/posts\/5982\/revisions"}],"predecessor-version":[{"id":5984,"href":"https:\/\/www.assef.org.br\/portalassef\/wp-json\/wp\/v2\/posts\/5982\/revisions\/5984"}],"wp:attachment":[{"href":"https:\/\/www.assef.org.br\/portalassef\/wp-json\/wp\/v2\/media?parent=5982"}],"wp:term":[{"taxonomy":"category","embeddable":true,"href":"https:\/\/www.assef.org.br\/portalassef\/wp-json\/wp\/v2\/categories?post=5982"},{"taxonomy":"post_tag","embeddable":true,"href":"https:\/\/www.assef.org.br\/portalassef\/wp-json\/wp\/v2\/tags?post=5982"}],"curies":[{"name":"wp","href":"https:\/\/api.w.org\/{rel}","templated":true}]}}