{"id":6261,"date":"2021-10-16T00:01:00","date_gmt":"2021-10-16T03:01:00","guid":{"rendered":"https:\/\/www.assef.org.br\/portalassef\/?p=6261"},"modified":"2021-12-09T18:14:34","modified_gmt":"2021-12-09T21:14:34","slug":"calendario-da-temporada-de-praia-2021-2022","status":"publish","type":"post","link":"https:\/\/www.assef.org.br\/portalassef\/calendario-da-temporada-de-praia-2021-2022\/","title":{"rendered":"&#x26F1; Calend\u00e1rio da Temporada de Praia 2021\/2022"},"content":{"rendered":"\n<div class=\"wp-block-columns is-layout-flex wp-container-core-columns-layout-1 wp-block-columns-is-layout-flex\">\n<div class=\"wp-block-column is-layout-flow wp-block-column-is-layout-flow\" style=\"flex-basis:33.33%\">\n<div class=\"wp-block-image\"><figure class=\"alignleft size-large is-resized\"><a href=\"https:\/\/www.assef.org.br\/portalassef\/wp-content\/uploads\/2018\/10\/IMG_20171222_101911_HDR-MATINHOS.jpg\"><img loading=\"lazy\" decoding=\"async\" src=\"https:\/\/www.assef.org.br\/portalassef\/wp-content\/uploads\/2018\/10\/IMG_20171222_101911_HDR-MATINHOS-1024x768.jpg\" alt=\"Placa Matinhos Praia Central\" class=\"wp-image-5780\" width=\"249\" height=\"186\" srcset=\"https:\/\/www.assef.org.br\/portalassef\/wp-content\/uploads\/2018\/10\/IMG_20171222_101911_HDR-MATINHOS-1024x768.jpg 1024w, https:\/\/www.assef.org.br\/portalassef\/wp-content\/uploads\/2018\/10\/IMG_20171222_101911_HDR-MATINHOS-300x225.jpg 300w, https:\/\/www.assef.org.br\/portalassef\/wp-content\/uploads\/2018\/10\/IMG_20171222_101911_HDR-MATINHOS-768x576.jpg 768w\" sizes=\"(max-width: 249px) 100vw, 249px\" \/><\/a><\/figure><\/div>\n<\/div>\n\n\n\n<div class=\"wp-block-column has-white-color has-vivid-red-background-color has-text-color has-background is-layout-flow wp-block-column-is-layout-flow\" style=\"flex-basis:66.66%\">\n<p><\/p>\n\n\n\n<p class=\"has-larger-font-size\" style=\"line-height:1.8\"> Inscri\u00e7\u00f5es de Reservas a partir de <strong><em>03 de Novembro <\/em>de 2021 <\/strong><\/p>\n<\/div>\n<\/div>\n\n\n\n<p class=\"has-text-align-left\"><\/p>\n\n\n\n<p class=\"has-text-align-left has-vivid-green-cyan-background-color has-background\"><strong>DEZEMBRO\/2021<\/strong><\/p>\n\n\n\n<figure class=\"wp-block-table is-style-stripes\"><table class=\"has-fixed-layout\"><tbody><tr><td>30\/11 \u00e0 05\/12<\/td><td>1 Semana (6 di\u00e1rias)<\/td><\/tr><tr><td>07\/12 \u00e0 12\/12<\/td><td>2\u00aa Semana (6 di\u00e1rias)<\/td><\/tr><tr><td>14\/12 \u00e0 19\/12<\/td><td>3\u00aa Semana (6 di\u00e1rias)<\/td><\/tr><tr><td>21\/12 \u00e0 26\/12<\/td><td>4\u00aa Semana (Natal) (6 di\u00e1rias)<\/td><\/tr><tr><td>28\/12 \u00e0 02\/01\/22<\/td><td>5\u00aa Semana (Ano Novo) (6 di\u00e1rias)<\/td><\/tr><\/tbody><\/table><figcaption>Dezembro 2021<\/figcaption><\/figure>\n\n\n\n<p><\/p>\n\n\n\n<p class=\"has-pale-cyan-blue-background-color has-background\"><strong>JANEIRO\/2022<\/strong><\/p>\n\n\n\n<figure class=\"wp-block-table is-style-stripes\"><table class=\"has-fixed-layout\"><tbody><tr><td>04\/01 \u00e0 09\/01<\/td><td>1\u00aa Semana (6 di\u00e1rias)<\/td><\/tr><tr><td>11\/01 \u00e0 16\/01<\/td><td>2\u00aa Semana (6 di\u00e1rias)<\/td><\/tr><tr><td>18\/01 \u00e0 23\/01<\/td><td>3\u00aa Semana (6 di\u00e1rias)<\/td><\/tr><tr><td>25\/01 \u00e0 30\/01<\/td><td>4\u00aa Semana (6 di\u00e1rias)<\/td><\/tr><\/tbody><\/table><\/figure>\n\n\n\n<p class=\"has-vivid-cyan-blue-background-color has-background\"><strong>FEVEREIRO\/2022<\/strong><\/p>\n\n\n\n<figure class=\"wp-block-table is-style-stripes\"><table class=\"has-fixed-layout\"><tbody><tr><td>01\/02 \u00e0 06\/02<\/td><td>1\u00aa semana (6 di\u00e1rias)<\/td><\/tr><tr><td>08\/02 \u00e0 13\/02<\/td><td>2\u00aa semana (6 di\u00e1rias)<\/td><\/tr><tr><td>15\/02 \u00e0 20\/02<\/td><td>3\u00aa semana (6 di\u00e1rias)<\/td><\/tr><tr><td>22\/02 \u00e0 01\/03<\/td><td>4\u00aaSemana -SEMANA DO CARNAVAL (<em><strong>8 di\u00e1rias<\/strong><\/em>)<\/td><\/tr><\/tbody><\/table><\/figure>\n\n\n\n<p class=\"has-light-green-cyan-background-color has-background\"><strong>MAR\u00c7O\/2022<\/strong><\/p>\n\n\n\n<figure class=\"wp-block-table is-style-stripes\"><table class=\"has-fixed-layout\"><tbody><tr><td>03\/03 \u00e0 06\/03<\/td><td>Per\u00edodo p\u00f3s carnaval excurs\u00e3o grupos ( 4 di\u00e1rias)<\/td><\/tr><tr><td>08\/03 \u00e0 13\/03<\/td><td>2\u00aa Semana (6 di\u00e1rias)<\/td><\/tr><tr><td>15\/03 \u00e0 20\/03<\/td><td>3\u00aa Semana (6 di\u00e1rias)<\/td><\/tr><tr><td>22\/03 \u00e0 27\/03<\/td><td>4\u00aa Semana (6 di\u00e1rias)<\/td><\/tr><\/tbody><\/table><\/figure>\n\n\n\n<p><strong>VALORES:<\/strong> hospedagem com caf\u00e9 da manh\u00e3, almo\u00e7o e jantar<\/p>\n\n\n\n<figure class=\"wp-block-table is-style-stripes\"><table class=\"has-fixed-layout\"><tbody><tr><td><strong>Associados e dependentes<\/strong><\/td><td>R$ <strong>90,00<\/strong><\/td><\/tr><tr><td><strong>Crian\u00e7as de 04 \u00e0 12 anos<\/strong><\/td><td>R$ <strong>70,00<\/strong><\/td><\/tr><\/tbody><\/table><\/figure>\n\n\n\n<figure class=\"wp-block-table is-style-stripes\"><table class=\"has-fixed-layout\"><tbody><tr><td><strong>Parentes<\/strong> <span class=\"small\">(filhos solteiros acima de 18 anos), genro, Nora, Primos, Sobrinhos, Cunhados, Sogra, Sogro, etc.)   <\/span>                                                                                         <\/td><td>R$ 110,00<\/td><\/tr><tr><td>Crian\u00e7as de 04 \u00e0 12 anos<\/td><td>R$ 90,00<\/td><\/tr><\/tbody><\/table><\/figure>\n\n\n\n<figure class=\"wp-block-table is-style-stripes\"><table class=\"has-fixed-layout\"><tbody><tr><td>N\u00e3o associados<\/td><td>R$ 160,00<\/td><\/tr><tr><td>Crian\u00e7as de 04 \u00e0 12 anos<\/td><td>R$ 130,00<\/td><\/tr><\/tbody><\/table><\/figure>\n\n\n\n<p class=\"has-white-color has-vivid-red-background-color has-text-color has-background\"><strong>Obs. para quem entrar na 2\u00aa feira ap\u00f3s as 18:00 horas ser\u00e1 cobrado pernoite nos valores:<\/strong><\/p>\n\n\n\n<figure class=\"wp-block-table is-style-stripes\"><table class=\"has-fixed-layout\"><tbody><tr><td>Associado e Dependente<\/td><td>R$ <strong>20,00<\/strong><\/td><\/tr><tr><td>Parente<\/td><td>R$ <strong>30,00<\/strong><\/td><\/tr><tr><td>N\u00e3o S\u00f3cio<\/td><td>R$ <strong>35,00<\/strong><\/td><\/tr><\/tbody><\/table><\/figure>\n\n\n\n<p>As inscri\u00e7\u00f5es dever\u00e3o ser feitas pelo site da ASSEF <a href=\"https:\/\/www.assef.org.br\/portalassef\/inscricoes-on-line\/\" target=\"_blank\" rel=\"noreferrer noopener\">www.assef.org.br<\/a> ou  atrav\u00e9s dos telefones 41\u20133076-2803 e 0800 008 2803 \u2013 Com Ros\u00e2ngela<strong> e Pedro.<\/strong><\/p>\n\n\n\n<p>\u25ba seguiremos as orienta\u00e7\u00f5es e decretos das Autoridades Sanit\u00e1rias e Prefeitura de Matinhos).<\/p>\n\n\n\n<p><a href=\"https:\/\/www.assef.org.br\/portalassef\/wp-content\/uploads\/2019\/10\/CALENDARIO_DA_TEMPORADA_DE_PRAIA_2019-2020.pdf\">Clique aqui para <\/a><a href=\"https:\/\/www.assef.org.br\/portalassef\/wp-content\/uploads\/2021\/10\/CALENDARIO_-DA_TEMPORADA_DE_PRAIA_2021-2022.pdf\">Mostrar <\/a><a href=\"https:\/\/www.assef.org.br\/portalassef\/wp-content\/uploads\/2019\/10\/CALENDARIO_DA_TEMPORADA_DE_PRAIA_2019-2020.pdf\" target=\"_blank\" rel=\"noreferrer noopener\">Calend\u00e1rio em PDF recomendado para impress\u00e3o<\/a><\/p>\n\n\n\n<div class=\"wp-block-image\"><figure class=\"aligncenter size-full\"><a href=\"https:\/\/www.assef.org.br\/portalassef\/wp-content\/uploads\/2021\/10\/CALENDARIO_-DA_TEMPORADA_DE_PRAIA_2021-2022.pdf\" target=\"_blank\" rel=\"noopener\"><img loading=\"lazy\" decoding=\"async\" width=\"250\" height=\"105\" src=\"https:\/\/www.assef.org.br\/portalassef\/wp-content\/uploads\/2012\/10\/baixarpdf.jpg\" alt=\"\" class=\"wp-image-878\"\/><\/a><\/figure><\/div>\n\n\n\n<p><\/p>\n\n\n\n<h1 class=\"wp-block-heading\"><a rel=\"noreferrer noopener\" href=\"https:\/\/www.assef.org.br\/portalassef\/inscricoes-encerradas-pela-internet-2021-2022\/\" target=\"_blank\"><strong>Clique AQUI para <\/strong><\/a><strong><a href=\"https:\/\/www.assef.org.br\/portalassef\/inscricoes-encerradas-pela-internet-2021-2022\/\" target=\"_blank\" rel=\"noreferrer noopener\">acessar <\/a><a rel=\"noreferrer noopener\" href=\"https:\/\/www.assef.org.br\/portalassef\/inscricoes-on-line\/\" target=\"_blank\">o<\/a><\/strong><\/h1>\n\n\n\n<h1 class=\"wp-block-heading\"><a href=\"https:\/\/www.assef.org.br\/portalassef\/inscricoes-encerradas-pela-internet-2021-2022\/\" target=\"_blank\" rel=\"noreferrer noopener\"><strong>Formul\u00e1rio de Inscri\u00e7\u00e3o ON LINE<\/strong><\/a><\/h1>\n\n\n\n<pre class=\"wp-block-preformatted\">COMPAT\u00cdVEL COM O NAVEGADOR FIREFOX , NAVEGADOR GOOGLE CHROME, para desktops os computadores convencionais, esta aplica\u00e7\u00e3o *n\u00e3o \u00e9 compat\u00edvel com dispositivos moveis (celulares e tablets)<\/pre>\n\n\n\n<div class=\"wp-block-image\"><figure class=\"aligncenter size-full\"><a href=\"https:\/\/www.assef.org.br\/portalassef\/inscricoes-encerradas-pela-internet-2021-2022\/\" target=\"_blank\" rel=\"noopener\"><img loading=\"lazy\" decoding=\"async\" width=\"339\" height=\"113\" src=\"https:\/\/www.assef.org.br\/portalassef\/wp-content\/uploads\/2017\/10\/prereserva-link.png\" alt=\"\" class=\"wp-image-5602\" srcset=\"https:\/\/www.assef.org.br\/portalassef\/wp-content\/uploads\/2017\/10\/prereserva-link.png 339w, https:\/\/www.assef.org.br\/portalassef\/wp-content\/uploads\/2017\/10\/prereserva-link-300x100.png 300w\" sizes=\"(max-width: 339px) 100vw, 339px\" \/><\/a><\/figure><\/div>\n\n\n\n<figure class=\"wp-block-image size-large\"><a href=\"https:\/\/www.assef.org.br\/portalassef\/inscricoes-encerradas-pela-internet-2021-2022\/\"><img loading=\"lazy\" decoding=\"async\" width=\"1024\" height=\"768\" src=\"https:\/\/www.assef.org.br\/portalassef\/wp-content\/uploads\/2021\/10\/IMG_20191222_100636-1024x768.jpg\" alt=\"\" class=\"wp-image-6381\" srcset=\"https:\/\/www.assef.org.br\/portalassef\/wp-content\/uploads\/2021\/10\/IMG_20191222_100636-1024x768.jpg 1024w, https:\/\/www.assef.org.br\/portalassef\/wp-content\/uploads\/2021\/10\/IMG_20191222_100636-300x225.jpg 300w, https:\/\/www.assef.org.br\/portalassef\/wp-content\/uploads\/2021\/10\/IMG_20191222_100636-768x576.jpg 768w, https:\/\/www.assef.org.br\/portalassef\/wp-content\/uploads\/2021\/10\/IMG_20191222_100636-1536x1152.jpg 1536w, https:\/\/www.assef.org.br\/portalassef\/wp-content\/uploads\/2021\/10\/IMG_20191222_100636-2048x1536.jpg 2048w, https:\/\/www.assef.org.br\/portalassef\/wp-content\/uploads\/2021\/10\/IMG_20191222_100636-750x563.jpg 750w\" sizes=\"(max-width: 1024px) 100vw, 1024px\" \/><\/a><\/figure>\n\n\n\n<p><\/p>\n","protected":false},"excerpt":{"rendered":"<p>Divulga\u00e7\u00e3o do calend\u00e1rio da Temporada 2021-2022 da Col\u00f4nia de F\u00e9rias Assef Matinhos, Semanas de dezembro de 2021 \u00e0 Mar\u00e7o de 2022. Informa\u00e7\u00f5es de valores de estadia.<\/p><p><a class=\"more-link btn\" href=\"https:\/\/www.assef.org.br\/portalassef\/calendario-da-temporada-de-praia-2021-2022\/\">Continue lendo<\/a><\/p>\n","protected":false},"author":2,"featured_media":6381,"comment_status":"closed","ping_status":"closed","sticky":false,"template":"","format":"standard","meta":{"_monsterinsights_skip_tracking":false,"_monsterinsights_sitenote_active":false,"_monsterinsights_sitenote_note":"","_monsterinsights_sitenote_category":0,"_uf_show_specific_survey":0,"_uf_disable_surveys":false,"ngg_post_thumbnail":0,"footnotes":""},"categories":[1,12,21,62],"tags":[53,93,51,122,119],"aioseo_notices":[],"_links":{"self":[{"href":"https:\/\/www.assef.org.br\/portalassef\/wp-json\/wp\/v2\/posts\/6261"}],"collection":[{"href":"https:\/\/www.assef.org.br\/portalassef\/wp-json\/wp\/v2\/posts"}],"about":[{"href":"https:\/\/www.assef.org.br\/portalassef\/wp-json\/wp\/v2\/types\/post"}],"author":[{"embeddable":true,"href":"https:\/\/www.assef.org.br\/portalassef\/wp-json\/wp\/v2\/users\/2"}],"replies":[{"embeddable":true,"href":"https:\/\/www.assef.org.br\/portalassef\/wp-json\/wp\/v2\/comments?post=6261"}],"version-history":[{"count":42,"href":"https:\/\/www.assef.org.br\/portalassef\/wp-json\/wp\/v2\/posts\/6261\/revisions"}],"predecessor-version":[{"id":6754,"href":"https:\/\/www.assef.org.br\/portalassef\/wp-json\/wp\/v2\/posts\/6261\/revisions\/6754"}],"wp:featuredmedia":[{"embeddable":true,"href":"https:\/\/www.assef.org.br\/portalassef\/wp-json\/wp\/v2\/media\/6381"}],"wp:attachment":[{"href":"https:\/\/www.assef.org.br\/portalassef\/wp-json\/wp\/v2\/media?parent=6261"}],"wp:term":[{"taxonomy":"category","embeddable":true,"href":"https:\/\/www.assef.org.br\/portalassef\/wp-json\/wp\/v2\/categories?post=6261"},{"taxonomy":"post_tag","embeddable":true,"href":"https:\/\/www.assef.org.br\/portalassef\/wp-json\/wp\/v2\/tags?post=6261"}],"curies":[{"name":"wp","href":"https:\/\/api.w.org\/{rel}","templated":true}]}}