{"id":6436,"date":"2023-10-28T12:00:00","date_gmt":"2023-10-28T15:00:00","guid":{"rendered":"https:\/\/www.assef.org.br\/portalassef\/?p=6436"},"modified":"2025-11-03T00:17:38","modified_gmt":"2025-11-03T03:17:38","slug":"dia-do-funcionario-publico","status":"publish","type":"post","link":"https:\/\/www.assef.org.br\/portalassef\/dia-do-funcionario-publico\/","title":{"rendered":"Dia do Funcion\u00e1rio P\u00fablico"},"content":{"rendered":"\n<figure class=\"wp-block-image size-full\"><a href=\"https:\/\/www.assef.org.br\/portalassef\/wp-content\/uploads\/2021\/10\/122885555_3457182080996410_4305115290618705480_n.png\"><img loading=\"lazy\" decoding=\"async\" width=\"594\" height=\"449\" src=\"https:\/\/www.assef.org.br\/portalassef\/wp-content\/uploads\/2021\/10\/122885555_3457182080996410_4305115290618705480_n.png\" alt=\"\" class=\"wp-image-6435\" srcset=\"https:\/\/www.assef.org.br\/portalassef\/wp-content\/uploads\/2021\/10\/122885555_3457182080996410_4305115290618705480_n.png 594w, https:\/\/www.assef.org.br\/portalassef\/wp-content\/uploads\/2021\/10\/122885555_3457182080996410_4305115290618705480_n-300x227.png 300w\" sizes=\"(max-width: 594px) 100vw, 594px\" \/><\/a><\/figure>\n\n\n\n<p>O Dia do Servidor P\u00fablico \u00e9 celebrado anualmente em 28 de outubro.<\/p>\n\n\n\n<p>Tamb\u00e9m conhecido como <strong>Dia do Funcion\u00e1rio P\u00fablico<\/strong>, esta data n\u00e3o \u00e9 um feriado. Trata-se de um ponto facultativo, ou seja, o governo pode &#8211; mas n\u00e3o \u00e9 obrigado &#8211; dispensar os profissionais do servi\u00e7o p\u00fablico do trabalho nesse dia.<\/p>\n\n\n\n<p>Na maioria dos estados e munic\u00edpios brasileiros, o Dia do Servidor P\u00fablico \u00e9 considerado facultativo para os profissionais da \u00e1rea.<\/p>\n\n\n\n<p>A data celebra o profissional que trabalha nas mais variadas \u00e1reas do Poder P\u00fablico, seja em hospitais, escolas, escrit\u00f3rios e demais reparti\u00e7\u00f5es p\u00fablicas.<\/p>\n\n\n\n<h2 class=\"wp-block-heading\">Qual a origem do dia do servidor p\u00fablico?<\/h2>\n\n\n\n<p><\/p>\n\n\n\n<p><\/p>\n\n\n\n<p>O artigo 236 da Lei n\u00ba 8.112, de 11 de dezembro de 1990, determina que 28 de outubro \u00e9 oficialmente o Dia do Servidor P\u00fablico no Brasil.<\/p>\n\n\n\n<p>O Dia do Servidor P\u00fablico surgiu atrav\u00e9s do Conselho Federal do Servi\u00e7o P\u00fablico Civil, recordando a cria\u00e7\u00e3o das leis que regem os direitos e deveres dos servidores p\u00fablicos &#8211; Decreto Lei n\u00ba 1.713, de 28 de outubro de 1939.<\/p>\n\n\n\n<p>O que motivou a cria\u00e7\u00e3o da data pelo Conselho, em parte, foi a funda\u00e7\u00e3o do Departamento Administrativo do Servi\u00e7o P\u00fablico do Brasil, em 1938.<\/p>\n","protected":false},"excerpt":{"rendered":"<p>A data celebra o profissional que trabalha nas mais variadas \u00e1reas do Poder P\u00fablico, seja em hospitais, escolas, escrit\u00f3rios e demais reparti\u00e7\u00f5es p\u00fablicas.<\/p><p><a class=\"more-link btn\" href=\"https:\/\/www.assef.org.br\/portalassef\/dia-do-funcionario-publico\/\">Continue lendo<\/a><\/p>\n","protected":false},"author":2,"featured_media":6435,"comment_status":"closed","ping_status":"closed","sticky":false,"template":"","format":"standard","meta":{"_monsterinsights_skip_tracking":false,"_monsterinsights_sitenote_active":false,"_monsterinsights_sitenote_note":"","_monsterinsights_sitenote_category":0,"_uf_show_specific_survey":0,"_uf_disable_surveys":false,"ngg_post_thumbnail":0,"footnotes":""},"categories":[1,12,21],"tags":[113],"aioseo_notices":[],"_links":{"self":[{"href":"https:\/\/www.assef.org.br\/portalassef\/wp-json\/wp\/v2\/posts\/6436"}],"collection":[{"href":"https:\/\/www.assef.org.br\/portalassef\/wp-json\/wp\/v2\/posts"}],"about":[{"href":"https:\/\/www.assef.org.br\/portalassef\/wp-json\/wp\/v2\/types\/post"}],"author":[{"embeddable":true,"href":"https:\/\/www.assef.org.br\/portalassef\/wp-json\/wp\/v2\/users\/2"}],"replies":[{"embeddable":true,"href":"https:\/\/www.assef.org.br\/portalassef\/wp-json\/wp\/v2\/comments?post=6436"}],"version-history":[{"count":4,"href":"https:\/\/www.assef.org.br\/portalassef\/wp-json\/wp\/v2\/posts\/6436\/revisions"}],"predecessor-version":[{"id":7467,"href":"https:\/\/www.assef.org.br\/portalassef\/wp-json\/wp\/v2\/posts\/6436\/revisions\/7467"}],"wp:featuredmedia":[{"embeddable":true,"href":"https:\/\/www.assef.org.br\/portalassef\/wp-json\/wp\/v2\/media\/6435"}],"wp:attachment":[{"href":"https:\/\/www.assef.org.br\/portalassef\/wp-json\/wp\/v2\/media?parent=6436"}],"wp:term":[{"taxonomy":"category","embeddable":true,"href":"https:\/\/www.assef.org.br\/portalassef\/wp-json\/wp\/v2\/categories?post=6436"},{"taxonomy":"post_tag","embeddable":true,"href":"https:\/\/www.assef.org.br\/portalassef\/wp-json\/wp\/v2\/tags?post=6436"}],"curies":[{"name":"wp","href":"https:\/\/api.w.org\/{rel}","templated":true}]}}