{"id":6927,"date":"2022-12-19T22:47:30","date_gmt":"2022-12-20T01:47:30","guid":{"rendered":"https:\/\/www.assef.org.br\/portalassef\/?p=6927"},"modified":"2023-02-02T19:51:02","modified_gmt":"2023-02-02T22:51:02","slug":"assembleia-de-prestacao-de-contas-dezembro-2022","status":"publish","type":"post","link":"https:\/\/www.assef.org.br\/portalassef\/assembleia-de-prestacao-de-contas-dezembro-2022\/","title":{"rendered":"Assembleia de presta\u00e7\u00e3o de contas dezembro 2022"},"content":{"rendered":"\n<figure class=\"wp-block-image size-large\"><a href=\"https:\/\/www.assef.org.br\/portalassef\/wp-content\/uploads\/2022\/12\/IMG-20221219-WA0007.jpg\"><img loading=\"lazy\" decoding=\"async\" width=\"1024\" height=\"769\" src=\"https:\/\/www.assef.org.br\/portalassef\/wp-content\/uploads\/2022\/12\/IMG-20221219-WA0007-1024x769.jpg\" alt=\"\" class=\"wp-image-6928\" srcset=\"https:\/\/www.assef.org.br\/portalassef\/wp-content\/uploads\/2022\/12\/IMG-20221219-WA0007-1024x769.jpg 1024w, https:\/\/www.assef.org.br\/portalassef\/wp-content\/uploads\/2022\/12\/IMG-20221219-WA0007-300x225.jpg 300w, https:\/\/www.assef.org.br\/portalassef\/wp-content\/uploads\/2022\/12\/IMG-20221219-WA0007-768x577.jpg 768w, https:\/\/www.assef.org.br\/portalassef\/wp-content\/uploads\/2022\/12\/IMG-20221219-WA0007-750x563.jpg 750w, https:\/\/www.assef.org.br\/portalassef\/wp-content\/uploads\/2022\/12\/IMG-20221219-WA0007.jpg 1156w\" sizes=\"(max-width: 1024px) 100vw, 1024px\" \/><\/a><figcaption class=\"wp-element-caption\">Foto: Marcos Costa Junior<\/figcaption><\/figure>\n\n\n\n<p>A ASSEF, Associa\u00e7\u00e3o dos Servidores do Sistema \u00danico de Sa\u00fade do Estado do Paran\u00e1, realizou mais&nbsp; uma vez a assembleia de presta\u00e7\u00e3o de contas, no dia 17 de dezembro de 2022, referente ao per\u00edodo de abril de 2022 a setembro de 2022.<\/p>\n\n\n\n<p>Durante a assembleia, o Conselho Fiscal esteve presente para explicar que foram realizadas todas as verifica\u00e7\u00f5es necess\u00e1rias e que n\u00e3o foram encontradas irregularidades nas documenta\u00e7\u00f5es. A Tesoureira Elizabeth tamb\u00e9m fez a leitura do balan\u00e7o e, junto com o Presidente Celso Wilson Santini, respondeu a algumas perguntas dos associados presentes.<\/p>\n\n\n\n<p>Ap\u00f3s uma ampla discuss\u00e3o, o balan\u00e7o foi aprovado por unanimidade pelos associados. A ASSEF continua comprometida em fornecer transpar\u00eancia e responsabilidade financeira aos seus membros, e esta assembleia \u00e9 uma demonstra\u00e7\u00e3o clara desse compromisso.<\/p>\n\n\n\n<figure class=\"wp-block-gallery has-nested-images columns-default is-cropped wp-block-gallery-1 is-layout-flex wp-block-gallery-is-layout-flex\">\n<figure class=\"wp-block-image size-large\"><a href=\"https:\/\/www.assef.org.br\/portalassef\/wp-content\/uploads\/2022\/12\/IMG-20221219-WA0003.jpg\"><img loading=\"lazy\" decoding=\"async\" width=\"1024\" height=\"769\" data-id=\"6929\" src=\"https:\/\/www.assef.org.br\/portalassef\/wp-content\/uploads\/2022\/12\/IMG-20221219-WA0003-1024x769.jpg\" alt=\"\" class=\"wp-image-6929\" srcset=\"https:\/\/www.assef.org.br\/portalassef\/wp-content\/uploads\/2022\/12\/IMG-20221219-WA0003-1024x769.jpg 1024w, https:\/\/www.assef.org.br\/portalassef\/wp-content\/uploads\/2022\/12\/IMG-20221219-WA0003-300x225.jpg 300w, https:\/\/www.assef.org.br\/portalassef\/wp-content\/uploads\/2022\/12\/IMG-20221219-WA0003-768x577.jpg 768w, https:\/\/www.assef.org.br\/portalassef\/wp-content\/uploads\/2022\/12\/IMG-20221219-WA0003-750x563.jpg 750w, https:\/\/www.assef.org.br\/portalassef\/wp-content\/uploads\/2022\/12\/IMG-20221219-WA0003.jpg 1156w\" sizes=\"(max-width: 1024px) 100vw, 1024px\" \/><\/a><\/figure>\n\n\n\n<figure class=\"wp-block-image size-large\"><a href=\"https:\/\/www.assef.org.br\/portalassef\/wp-content\/uploads\/2022\/12\/IMG-20221219-WA0011.jpg\"><img loading=\"lazy\" decoding=\"async\" width=\"1024\" height=\"769\" data-id=\"6931\" src=\"https:\/\/www.assef.org.br\/portalassef\/wp-content\/uploads\/2022\/12\/IMG-20221219-WA0011-1024x769.jpg\" alt=\"\" class=\"wp-image-6931\" srcset=\"https:\/\/www.assef.org.br\/portalassef\/wp-content\/uploads\/2022\/12\/IMG-20221219-WA0011-1024x769.jpg 1024w, https:\/\/www.assef.org.br\/portalassef\/wp-content\/uploads\/2022\/12\/IMG-20221219-WA0011-300x225.jpg 300w, https:\/\/www.assef.org.br\/portalassef\/wp-content\/uploads\/2022\/12\/IMG-20221219-WA0011-768x577.jpg 768w, https:\/\/www.assef.org.br\/portalassef\/wp-content\/uploads\/2022\/12\/IMG-20221219-WA0011-750x563.jpg 750w, https:\/\/www.assef.org.br\/portalassef\/wp-content\/uploads\/2022\/12\/IMG-20221219-WA0011.jpg 1156w\" sizes=\"(max-width: 1024px) 100vw, 1024px\" \/><\/a><\/figure>\n\n\n\n<figure class=\"wp-block-image size-large\"><a href=\"https:\/\/www.assef.org.br\/portalassef\/wp-content\/uploads\/2022\/12\/IMG-20221219-WA0019.jpg\"><img loading=\"lazy\" decoding=\"async\" width=\"1024\" height=\"769\" data-id=\"6930\" src=\"https:\/\/www.assef.org.br\/portalassef\/wp-content\/uploads\/2022\/12\/IMG-20221219-WA0019-1024x769.jpg\" alt=\"\" class=\"wp-image-6930\" srcset=\"https:\/\/www.assef.org.br\/portalassef\/wp-content\/uploads\/2022\/12\/IMG-20221219-WA0019-1024x769.jpg 1024w, https:\/\/www.assef.org.br\/portalassef\/wp-content\/uploads\/2022\/12\/IMG-20221219-WA0019-300x225.jpg 300w, https:\/\/www.assef.org.br\/portalassef\/wp-content\/uploads\/2022\/12\/IMG-20221219-WA0019-768x577.jpg 768w, https:\/\/www.assef.org.br\/portalassef\/wp-content\/uploads\/2022\/12\/IMG-20221219-WA0019-750x563.jpg 750w, https:\/\/www.assef.org.br\/portalassef\/wp-content\/uploads\/2022\/12\/IMG-20221219-WA0019.jpg 1156w\" sizes=\"(max-width: 1024px) 100vw, 1024px\" \/><\/a><\/figure>\n\n\n\n<figure class=\"wp-block-image size-large\"><a href=\"https:\/\/www.assef.org.br\/portalassef\/wp-content\/uploads\/2022\/12\/IMG-20221219-WA0020.jpg\"><img loading=\"lazy\" decoding=\"async\" width=\"1024\" height=\"769\" data-id=\"6932\" src=\"https:\/\/www.assef.org.br\/portalassef\/wp-content\/uploads\/2022\/12\/IMG-20221219-WA0020-1024x769.jpg\" alt=\"\" class=\"wp-image-6932\" srcset=\"https:\/\/www.assef.org.br\/portalassef\/wp-content\/uploads\/2022\/12\/IMG-20221219-WA0020-1024x769.jpg 1024w, https:\/\/www.assef.org.br\/portalassef\/wp-content\/uploads\/2022\/12\/IMG-20221219-WA0020-300x225.jpg 300w, https:\/\/www.assef.org.br\/portalassef\/wp-content\/uploads\/2022\/12\/IMG-20221219-WA0020-768x577.jpg 768w, https:\/\/www.assef.org.br\/portalassef\/wp-content\/uploads\/2022\/12\/IMG-20221219-WA0020-750x563.jpg 750w, https:\/\/www.assef.org.br\/portalassef\/wp-content\/uploads\/2022\/12\/IMG-20221219-WA0020.jpg 1156w\" sizes=\"(max-width: 1024px) 100vw, 1024px\" \/><\/a><\/figure>\n<\/figure>\n\n\n\n<p class=\"has-tiny-font-size\">Cr\u00e9dito fotos: Associado Elves Rocha e Marcos Costa Junior<\/p>\n","protected":false},"excerpt":{"rendered":"<p>A ASSEF, Associa\u00e7\u00e3o dos Servidores do Sistema \u00danico de Sa\u00fade do Estado do Paran\u00e1, realizou mais&nbsp; uma vez a assembleia de presta\u00e7\u00e3o de contas, no dia 17 de dezembro de 2022, referente ao per\u00edodo de abril de 2022 a setembro de 2022. Durante a assembleia, o Conselho Fiscal esteve presente para explicar que foram realizadas &hellip; <\/p>\n<p><a class=\"more-link btn\" href=\"https:\/\/www.assef.org.br\/portalassef\/assembleia-de-prestacao-de-contas-dezembro-2022\/\">Continue lendo<\/a><\/p>\n","protected":false},"author":2,"featured_media":0,"comment_status":"open","ping_status":"closed","sticky":false,"template":"","format":"standard","meta":{"_monsterinsights_skip_tracking":false,"_monsterinsights_sitenote_active":false,"_monsterinsights_sitenote_note":"","_monsterinsights_sitenote_category":0,"_uf_show_specific_survey":0,"_uf_disable_surveys":false,"ngg_post_thumbnail":0,"footnotes":""},"categories":[33,1,12,21],"tags":[24],"aioseo_notices":[],"_links":{"self":[{"href":"https:\/\/www.assef.org.br\/portalassef\/wp-json\/wp\/v2\/posts\/6927"}],"collection":[{"href":"https:\/\/www.assef.org.br\/portalassef\/wp-json\/wp\/v2\/posts"}],"about":[{"href":"https:\/\/www.assef.org.br\/portalassef\/wp-json\/wp\/v2\/types\/post"}],"author":[{"embeddable":true,"href":"https:\/\/www.assef.org.br\/portalassef\/wp-json\/wp\/v2\/users\/2"}],"replies":[{"embeddable":true,"href":"https:\/\/www.assef.org.br\/portalassef\/wp-json\/wp\/v2\/comments?post=6927"}],"version-history":[{"count":4,"href":"https:\/\/www.assef.org.br\/portalassef\/wp-json\/wp\/v2\/posts\/6927\/revisions"}],"predecessor-version":[{"id":6939,"href":"https:\/\/www.assef.org.br\/portalassef\/wp-json\/wp\/v2\/posts\/6927\/revisions\/6939"}],"wp:attachment":[{"href":"https:\/\/www.assef.org.br\/portalassef\/wp-json\/wp\/v2\/media?parent=6927"}],"wp:term":[{"taxonomy":"category","embeddable":true,"href":"https:\/\/www.assef.org.br\/portalassef\/wp-json\/wp\/v2\/categories?post=6927"},{"taxonomy":"post_tag","embeddable":true,"href":"https:\/\/www.assef.org.br\/portalassef\/wp-json\/wp\/v2\/tags?post=6927"}],"curies":[{"name":"wp","href":"https:\/\/api.w.org\/{rel}","templated":true}]}}