{"id":7065,"date":"2023-05-09T11:04:50","date_gmt":"2023-05-09T14:04:50","guid":{"rendered":"https:\/\/www.assef.org.br\/portalassef\/?p=7065"},"modified":"2023-06-07T13:43:21","modified_gmt":"2023-06-07T16:43:21","slug":"mes-das-mamaes","status":"publish","type":"post","link":"https:\/\/www.assef.org.br\/portalassef\/mes-das-mamaes\/","title":{"rendered":"M\u00eas das mam\u00e3es &#8230;"},"content":{"rendered":"\r\n<p>&nbsp;<\/p>\r\n<p>&nbsp;<\/p>\r\n<p>&nbsp;<\/p>\r\n\r\n\r\n\r\n<p style=\"text-align: left;\"><em><a href=\"https:\/\/www.assef.org.br\/portalassef\/wp-content\/uploads\/2023\/05\/790a90a5488ef14b162afa5eaf2e40aa.jpg\"><img loading=\"lazy\" decoding=\"async\" class=\" wp-image-7067 alignleft\" src=\"https:\/\/www.assef.org.br\/portalassef\/wp-content\/uploads\/2023\/05\/790a90a5488ef14b162afa5eaf2e40aa-300x273.jpg\" alt=\"\" width=\"316\" height=\"288\" srcset=\"https:\/\/www.assef.org.br\/portalassef\/wp-content\/uploads\/2023\/05\/790a90a5488ef14b162afa5eaf2e40aa-300x273.jpg 300w, https:\/\/www.assef.org.br\/portalassef\/wp-content\/uploads\/2023\/05\/790a90a5488ef14b162afa5eaf2e40aa.jpg 564w\" sizes=\"(max-width: 316px) 100vw, 316px\" \/><\/a><\/em><\/p>\r\n<p>&nbsp;<\/p>\r\n<h4 style=\"text-align: left;\"><strong><em>O amor da m\u00e3e pode ser traduzido em uma palavra: doa\u00e7\u00e3o! <\/em><\/strong><\/h4>\r\n<h4 style=\"text-align: left;\"><strong><em>Falar desse sentimento \u00e9 entender que ele \u00e9 a mais completa forma de amor.<\/em><\/strong><\/h4>\r\n<h4 style=\"text-align: left;\"><strong><em> A ASSEF deseja tudo de bom para voc\u00ea nesta data especial, querida mam\u00e3e. <\/em><\/strong><\/h4>\r\n<h4 style=\"text-align: left;\"><strong><em>Feliz Dia das M\u00e3es!<\/em><\/strong><\/h4>\r\n","protected":false},"excerpt":{"rendered":"<p>&nbsp; &nbsp; &nbsp; &nbsp; O amor da m\u00e3e pode ser traduzido em uma palavra: doa\u00e7\u00e3o! Falar desse sentimento \u00e9 entender que ele \u00e9 a mais completa forma de amor. A ASSEF deseja tudo de bom para voc\u00ea nesta data especial, querida mam\u00e3e. Feliz Dia das M\u00e3es!<\/p>\n","protected":false},"author":9,"featured_media":0,"comment_status":"open","ping_status":"open","sticky":false,"template":"","format":"standard","meta":{"_monsterinsights_skip_tracking":false,"_monsterinsights_sitenote_active":false,"_monsterinsights_sitenote_note":"","_monsterinsights_sitenote_category":0,"_uf_show_specific_survey":0,"_uf_disable_surveys":false,"ngg_post_thumbnail":0,"footnotes":""},"categories":[1],"tags":[],"aioseo_notices":[],"_links":{"self":[{"href":"https:\/\/www.assef.org.br\/portalassef\/wp-json\/wp\/v2\/posts\/7065"}],"collection":[{"href":"https:\/\/www.assef.org.br\/portalassef\/wp-json\/wp\/v2\/posts"}],"about":[{"href":"https:\/\/www.assef.org.br\/portalassef\/wp-json\/wp\/v2\/types\/post"}],"author":[{"embeddable":true,"href":"https:\/\/www.assef.org.br\/portalassef\/wp-json\/wp\/v2\/users\/9"}],"replies":[{"embeddable":true,"href":"https:\/\/www.assef.org.br\/portalassef\/wp-json\/wp\/v2\/comments?post=7065"}],"version-history":[{"count":12,"href":"https:\/\/www.assef.org.br\/portalassef\/wp-json\/wp\/v2\/posts\/7065\/revisions"}],"predecessor-version":[{"id":7078,"href":"https:\/\/www.assef.org.br\/portalassef\/wp-json\/wp\/v2\/posts\/7065\/revisions\/7078"}],"wp:attachment":[{"href":"https:\/\/www.assef.org.br\/portalassef\/wp-json\/wp\/v2\/media?parent=7065"}],"wp:term":[{"taxonomy":"category","embeddable":true,"href":"https:\/\/www.assef.org.br\/portalassef\/wp-json\/wp\/v2\/categories?post=7065"},{"taxonomy":"post_tag","embeddable":true,"href":"https:\/\/www.assef.org.br\/portalassef\/wp-json\/wp\/v2\/tags?post=7065"}],"curies":[{"name":"wp","href":"https:\/\/api.w.org\/{rel}","templated":true}]}}