{"id":7283,"date":"2023-08-17T08:00:04","date_gmt":"2023-08-17T11:00:04","guid":{"rendered":"https:\/\/www.assef.org.br\/portalassef\/?p=7283"},"modified":"2023-08-22T10:55:14","modified_gmt":"2023-08-22T13:55:14","slug":"assembleia-geral","status":"publish","type":"post","link":"https:\/\/www.assef.org.br\/portalassef\/assembleia-geral\/","title":{"rendered":"Assembl\u00e9ia Geral"},"content":{"rendered":"\r\n<p>No dia 02 de Setembro de 2023, realizaremos em Curitiba, Assembleia Geral Ordinaria de Presta\u00e7\u00e3o de Contas e Assembl\u00e9ia de Convocac\u00e3o de Eleic\u00f5es Gerais da ASSEF.<\/p>\r\n\r\n\r\n\r\n<p>Convidamos os associados para participar.<\/p>\r\n\r\n\r\n\r\n<p>abaixo editais de convocacao.<\/p>\r\n\r\n\r\n\r\n<div data-wp-interactive=\"\" class=\"wp-block-file\"><object data-wp-bind--hidden=\"!selectors.core.file.hasPdfPreview\" hidden class=\"wp-block-file__embed\" style=\"width: 100%; height: 600px;\" data=\"https:\/\/www.assef.org.br\/portalassef\/wp-content\/uploads\/2023\/08\/Scaneado_ASSEF__3329_0001-1.pdf\" type=\"application\/pdf\" width=\"300\" height=\"150\" aria-label=\"Incorporado de Scaneado_ASSEF__3329_0001.\"><\/object><a id=\"wp-block-file--media-2e03db1e-bc38-4923-a91f-9f58bfdd141c\" href=\"https:\/\/www.assef.org.br\/portalassef\/wp-content\/uploads\/2023\/08\/Scaneado_ASSEF__3329_0001-1.pdf\">Scaneado_ASSEF__3329_0001<\/a><a class=\"wp-block-file__button wp-element-button\" href=\"https:\/\/www.assef.org.br\/portalassef\/wp-content\/uploads\/2023\/08\/Scaneado_ASSEF__3329_0001-1.pdf\" download=\"\" aria-describedby=\"wp-block-file--media-2e03db1e-bc38-4923-a91f-9f58bfdd141c\">Baixar<\/a><\/div>\r\n","protected":false},"excerpt":{"rendered":"<p>No dia 02 de Setembro de 2023, realizaremos em Curitiba, Assembleia Geral Ordinaria de Presta\u00e7\u00e3o de Contas e Assembl\u00e9ia de Convocac\u00e3o de Eleic\u00f5es Gerais da ASSEF. Convidamos os associados para participar. abaixo editais de convocacao.<\/p>\n","protected":false},"author":1,"featured_media":0,"comment_status":"open","ping_status":"open","sticky":false,"template":"","format":"standard","meta":{"_monsterinsights_skip_tracking":false,"_monsterinsights_sitenote_active":false,"_monsterinsights_sitenote_note":"","_monsterinsights_sitenote_category":0,"_uf_show_specific_survey":0,"_uf_disable_surveys":false,"ngg_post_thumbnail":0,"footnotes":""},"categories":[33,1,12,21,11],"tags":[],"aioseo_notices":[],"_links":{"self":[{"href":"https:\/\/www.assef.org.br\/portalassef\/wp-json\/wp\/v2\/posts\/7283"}],"collection":[{"href":"https:\/\/www.assef.org.br\/portalassef\/wp-json\/wp\/v2\/posts"}],"about":[{"href":"https:\/\/www.assef.org.br\/portalassef\/wp-json\/wp\/v2\/types\/post"}],"author":[{"embeddable":true,"href":"https:\/\/www.assef.org.br\/portalassef\/wp-json\/wp\/v2\/users\/1"}],"replies":[{"embeddable":true,"href":"https:\/\/www.assef.org.br\/portalassef\/wp-json\/wp\/v2\/comments?post=7283"}],"version-history":[{"count":7,"href":"https:\/\/www.assef.org.br\/portalassef\/wp-json\/wp\/v2\/posts\/7283\/revisions"}],"predecessor-version":[{"id":7624,"href":"https:\/\/www.assef.org.br\/portalassef\/wp-json\/wp\/v2\/posts\/7283\/revisions\/7624"}],"wp:attachment":[{"href":"https:\/\/www.assef.org.br\/portalassef\/wp-json\/wp\/v2\/media?parent=7283"}],"wp:term":[{"taxonomy":"category","embeddable":true,"href":"https:\/\/www.assef.org.br\/portalassef\/wp-json\/wp\/v2\/categories?post=7283"},{"taxonomy":"post_tag","embeddable":true,"href":"https:\/\/www.assef.org.br\/portalassef\/wp-json\/wp\/v2\/tags?post=7283"}],"curies":[{"name":"wp","href":"https:\/\/api.w.org\/{rel}","templated":true}]}}