{"id":7469,"date":"2023-11-17T16:10:09","date_gmt":"2023-11-17T19:10:09","guid":{"rendered":"https:\/\/www.assef.org.br\/portalassef\/?p=7469"},"modified":"2023-11-21T09:01:49","modified_gmt":"2023-11-21T12:01:49","slug":"conclusao-do-processo-eleitoral","status":"publish","type":"post","link":"https:\/\/www.assef.org.br\/portalassef\/conclusao-do-processo-eleitoral\/","title":{"rendered":"Conclus\u00e3o do processo eleitoral"},"content":{"rendered":"\r\n<p>&nbsp;<\/p>\r\n\r\n\r\n\r\n<p>No dia 14 de Novembro de 2023 a comiss\u00e3o eleitoral reuniu-se na ASSEF em Curitiba para concluir os trabalhos referente ao processo eleitotal. Tiveram somente inscri\u00e7\u00e3o de chapa unica para a diretoria central e tamb\u00e9m para os n\u00facleos abaixo denominados.<\/p>\r\n\r\n\r\n\r\n<p><strong>Diretoria central \u2013 Chapa composi\u00e7\u00e3o<\/strong><\/p>\r\n\r\n\r\n\r\n<h2 class=\"wp-block-heading\"><em><u>CHAPA COMPOSI\u00c7\u00c3O<\/u><\/em><\/h2>\r\n\r\n\r\n\r\n<h2 class=\"wp-block-heading\"><em><u><strong>DIRETORIA CENTRAL<\/strong><\/u><\/em><\/h2>\r\n\r\n\r\n\r\n<h3 class=\"wp-block-heading\"><strong>PRESIDENTE<\/strong>: Celso Wilson Santini &#8211; Curitiba<\/h3>\r\n\r\n\r\n\r\n<p><strong>VICE PRESIDENTE<\/strong>: Andr\u00e9ia Pereira Dias &#8211; Corn\u00e9lio Proc\u00f3pio<\/p>\r\n\r\n\r\n\r\n<p><strong>SECRET\u00c1RIO GERAL<\/strong>: M\u00aa Alaide de Lima Fernandes &#8211; Cianorte<\/p>\r\n\r\n\r\n\r\n<p><strong>1\u00ba SECRET\u00c1RIO<\/strong>: Elton Leiroz &#8211; Apucarana<\/p>\r\n\r\n\r\n\r\n<p><strong>2\u00ba SECRET\u00c1RIO<\/strong>: Roselia dos Santos Bressan &#8211; Ponta Grossa<\/p>\r\n\r\n\r\n\r\n<p><strong>TESOUREIRO GERAL<\/strong>: Elizabeth de F\u00e1tima Rosa &#8211; Matinhos<\/p>\r\n\r\n\r\n\r\n<p><strong>1\u00ba TESOUREIRO<\/strong>: Maristela Mibach &#8211; Uni\u00e3o da Vit\u00f3ria<\/p>\r\n\r\n\r\n\r\n<p><strong>2\u00ba TESOUREIRO<\/strong>: Edn\u00e9ia Cristina Possamai &#8211; Pato Branco<\/p>\r\n\r\n\r\n\r\n<p><strong>DIRETOR SOCIAL<\/strong>: Raquel Prestes de Mello &#8211; Paranavai<\/p>\r\n\r\n\r\n\r\n<p><strong>VICE DIRETOR SOCIAL<\/strong>: Maria Eliete da Silva &#8211; Paranagu\u00e1<\/p>\r\n\r\n\r\n\r\n<p><strong>DIRETOR POLITICO CULTURAL<\/strong>: Jo\u00e3o Maria de Lima &#8211; Cascavel<\/p>\r\n\r\n\r\n\r\n<p><strong>VICE DIRETOR POLITICO CULTURAL<\/strong>: Elves Vieira Rocha &#8211; Cascavel<\/p>\r\n\r\n\r\n\r\n<p><strong>DIRETOR DE ESPORTE<\/strong>: Ubirajara Fabio P Portela &#8211; Curitiba<\/p>\r\n\r\n\r\n\r\n<p><strong>VICE DIRETOR DE ESPORTE<\/strong>: Lucia de F\u00e1tima Ferrari &#8211; Curitiba<\/p>\r\n\r\n\r\n\r\n<p><strong>DIRETOR DE PATRIMONIO<\/strong>: Osvaldo Pereira Teixeira &#8211; Cascavel<\/p>\r\n\r\n\r\n\r\n<p><strong>VICE DIRETOR DE PATRIMONIO<\/strong>: Marcio Vicente de Oliveira &#8211; Umuarama<\/p>\r\n<p>&nbsp;<\/p>\r\n\r\n\r\n\r\n<h2 class=\"wp-block-heading\"><strong>CONSELHO FISCAL :<\/strong><\/h2>\r\n<p>&nbsp;<\/p>\r\n\r\n\r\n\r\n<p>Laura Maria Viana Alves &#8211; Apucarana<\/p>\r\n\r\n\r\n\r\n<p>Sandra Maria da Silva Matos &#8211; Londrina<\/p>\r\n\r\n\r\n\r\n<p>Paulo Heinrique Viana &#8211; Londrina<\/p>\r\n\r\n\r\n\r\n<p>Jesulina Gon\u00e7alves Mario &#8211; Corn\u00e9lio Proc\u00f3pio<\/p>\r\n\r\n\r\n\r\n<p><strong>SUPLENTES:<\/strong><\/p>\r\n\r\n\r\n\r\n<p>Celi Vieira Ribas &#8211; Maring\u00e1<\/p>\r\n\r\n\r\n\r\n<p>Amauri Lisboa &#8211; Curitiba<\/p>\r\n\r\n\r\n\r\n<p>Sidney Ap. Bonif\u00e1cio &#8211; Umuarama<\/p>\r\n\r\n\r\n\r\n<p>Almir Bervegliene &#8211; Campo Mourao<\/p>\r\n\r\n\r\n\r\n<p>&nbsp;<\/p>\r\n\r\n\r\n\r\n<h2 class=\"wp-block-heading\"><strong>CONSELHO DE \u00c9TICA:<\/strong><\/h2>\r\n\r\n\r\n\r\n<p>&nbsp;<\/p>\r\n\r\n\r\n\r\n<p>Doroteia Fernandes Gouveia Caetano Maring\u00e1<\/p>\r\n\r\n\r\n\r\n<p>Amauri Ribas &#8211; Irati<\/p>\r\n\r\n\r\n\r\n<p>Maria de F\u00e1tima Almeida &#8211; Guarapuava<\/p>\r\n<p>&nbsp;<\/p>\r\n\r\n\r\n\r\n<h2><strong>SUPLENTES:<\/strong><\/h2>\r\n<p>&nbsp;<\/p>\r\n\r\n\r\n\r\n<p>Rosely Gaspariny &#8211; Curitiba<\/p>\r\n\r\n\r\n\r\n<p>Benedito Ap. Nogueira &#8211; Umuarama<\/p>\r\n\r\n\r\n\r\n<p>Elisete Dengo Perin &#8211; Campo Mour\u00e3o<\/p>\r\n<p>&nbsp;<\/p>\r\n\r\n\r\n\r\n<h2><strong>Diretoria de n\u00facleos :<\/strong><\/h2>\r\n<p>&nbsp;<\/p>\r\n\r\n\r\n\r\n<p>Cascavel \u2013 Chapa ASSEF Junto com voc\u00ea.<\/p>\r\n\r\n\r\n\r\n<p>Humuarama \u2013 Chapa Humuarama<\/p>\r\n\r\n\r\n\r\n<p>Apucarana \u2013 Chapa Inova\u00e7\u00e3o<\/p>\r\n\r\n\r\n\r\n<p>Irati \u2013 Chapa Uni\u00e3o<\/p>\r\n\r\n\r\n\r\n<p>Londrina \u2013 Chapa Avante ASSEF<\/p>\r\n\r\n\r\n\r\n<p>Cornelio proc\u00f3pio \u2013 Chapa Transparencia e A\u00e7\u00e3o<\/p>\r\n\r\n\r\n\r\n<p>Maringa \u2013 Chapa Novos Tempos<\/p>\r\n<p>&nbsp;<\/p>\r\n\r\n\r\n\r\n<p><strong>Todos eleitos conforme o artigo 41 do Estatuto da ASSEF<\/strong><\/p>\r\n","protected":false},"excerpt":{"rendered":"<p>&nbsp; No dia 14 de Novembro de 2023 a comiss\u00e3o eleitoral reuniu-se na ASSEF em Curitiba para concluir os trabalhos referente ao processo eleitotal. Tiveram somente inscri\u00e7\u00e3o de chapa unica para a diretoria central e tamb\u00e9m para os n\u00facleos abaixo denominados. Diretoria central \u2013 Chapa composi\u00e7\u00e3o CHAPA COMPOSI\u00c7\u00c3O DIRETORIA CENTRAL PRESIDENTE: Celso Wilson Santini &#8211; &hellip; <\/p>\n<p><a class=\"more-link btn\" href=\"https:\/\/www.assef.org.br\/portalassef\/conclusao-do-processo-eleitoral\/\">Continue lendo<\/a><\/p>\n","protected":false},"author":1,"featured_media":0,"comment_status":"open","ping_status":"open","sticky":true,"template":"","format":"standard","meta":{"_monsterinsights_skip_tracking":false,"_monsterinsights_sitenote_active":false,"_monsterinsights_sitenote_note":"","_monsterinsights_sitenote_category":0,"_uf_show_specific_survey":0,"_uf_disable_surveys":false,"ngg_post_thumbnail":0,"footnotes":""},"categories":[81,1],"tags":[],"aioseo_notices":[],"_links":{"self":[{"href":"https:\/\/www.assef.org.br\/portalassef\/wp-json\/wp\/v2\/posts\/7469"}],"collection":[{"href":"https:\/\/www.assef.org.br\/portalassef\/wp-json\/wp\/v2\/posts"}],"about":[{"href":"https:\/\/www.assef.org.br\/portalassef\/wp-json\/wp\/v2\/types\/post"}],"author":[{"embeddable":true,"href":"https:\/\/www.assef.org.br\/portalassef\/wp-json\/wp\/v2\/users\/1"}],"replies":[{"embeddable":true,"href":"https:\/\/www.assef.org.br\/portalassef\/wp-json\/wp\/v2\/comments?post=7469"}],"version-history":[{"count":9,"href":"https:\/\/www.assef.org.br\/portalassef\/wp-json\/wp\/v2\/posts\/7469\/revisions"}],"predecessor-version":[{"id":7480,"href":"https:\/\/www.assef.org.br\/portalassef\/wp-json\/wp\/v2\/posts\/7469\/revisions\/7480"}],"wp:attachment":[{"href":"https:\/\/www.assef.org.br\/portalassef\/wp-json\/wp\/v2\/media?parent=7469"}],"wp:term":[{"taxonomy":"category","embeddable":true,"href":"https:\/\/www.assef.org.br\/portalassef\/wp-json\/wp\/v2\/categories?post=7469"},{"taxonomy":"post_tag","embeddable":true,"href":"https:\/\/www.assef.org.br\/portalassef\/wp-json\/wp\/v2\/tags?post=7469"}],"curies":[{"name":"wp","href":"https:\/\/api.w.org\/{rel}","templated":true}]}}