{"id":849,"date":"2012-10-15T00:01:10","date_gmt":"2012-10-15T03:01:10","guid":{"rendered":"http:\/\/www.assef.org.br\/portalassef\/?p=849"},"modified":"2013-11-04T21:48:30","modified_gmt":"2013-11-05T00:48:30","slug":"calendario-da-temporada-de-praia-20122013","status":"publish","type":"post","link":"https:\/\/www.assef.org.br\/portalassef\/calendario-da-temporada-de-praia-20122013\/","title":{"rendered":"Calend\u00e1rio da Temporada de Praia 2012\/2013"},"content":{"rendered":"<h1 align=\"right\"><strong>Inscri\u00e7\u00f5es<\/strong><strong><img loading=\"lazy\" decoding=\"async\" class=\"alignleft size-thumbnail wp-image-323\" title=\"Calendario da Temporada de Praia 2012\/2013 \" alt=\"Calendario da Temporada de Praia 2012\/2013\" src=\"http:\/\/www.assef.org.br\/portalassef\/wp-content\/uploads\/2010\/09\/fotosassembleia0608_042-150x150.jpg\" width=\"150\" height=\"150\" \/> de Reservas a partir de <span style=\"color: #ff0000;\">22 de Outubro de 2012<\/span><\/strong><\/h1>\n<p>&nbsp;<\/p>\n<p>&nbsp;<\/p>\n<p>&nbsp;<\/p>\n<p>&nbsp;<\/p>\n<p><strong>DEZEMBRO\/2012<\/strong><\/p>\n<table border=\"1\" cellspacing=\"0\" cellpadding=\"0\">\n<tbody>\n<tr>\n<td valign=\"top\" width=\"240\">De 01\u00a0 \u00e0\u00a0 19<\/td>\n<td width=\"480\">PERIODO RESERVADO PARA EXCURS\u00d5ES (GRUPOS)<\/td>\n<\/tr>\n<tr>\n<td valign=\"top\" width=\"240\">21\/12\u00a0 \u00e0\u00a0 25\/12<\/td>\n<td valign=\"top\" width=\"480\">SEMANA DO NATAL (5 di\u00e1rias)<\/td>\n<\/tr>\n<\/tbody>\n<\/table>\n<p><strong>\u00a0<\/strong><strong>JANEIRO\/2013<\/strong><\/p>\n<table border=\"1\" cellspacing=\"0\" cellpadding=\"0\">\n<tbody>\n<tr>\n<td width=\"240\">27\/12\/12 \u00e0 06\/01\/2013<\/td>\n<td width=\"324\">\u00a0SEMANA DO ANO NOVO(11 di\u00e1rias)<\/td>\n<td valign=\"top\" width=\"156\">(inscri\u00e7\u00f5es de 22\/10 \u00e0 20\/11\/2012) \u25ba<\/td>\n<\/tr>\n<tr>\n<td valign=\"top\" width=\"240\">08\/01 \u00e0 13\/01<\/td>\n<td colspan=\"2\" valign=\"top\" width=\"480\">2\u00aa Semana \u00a0(6 di\u00e1rias)<\/td>\n<\/tr>\n<tr>\n<td valign=\"top\" width=\"240\">15\/01 \u00e0 20\/01<\/td>\n<td colspan=\"2\" valign=\"top\" width=\"480\">3\u00aa Semana\u00a0 (6 di\u00e1rias)<\/td>\n<\/tr>\n<tr>\n<td valign=\"top\" width=\"240\">22\/01 \u00e0 27\/01<\/td>\n<td colspan=\"2\" valign=\"top\" width=\"480\">4\u00aa Semana\u00a0 (6 di\u00e1rias)<\/td>\n<\/tr>\n<tr>\n<td valign=\"top\" width=\"240\">29\/01 \u00e0 03\/02<\/td>\n<td colspan=\"2\" valign=\"top\" width=\"480\">5\u00aa Semana\u00a0 (6 di\u00e1rias)<\/td>\n<\/tr>\n<\/tbody>\n<\/table>\n<p><strong>\u00a0<\/strong><strong>FEVEREIRO\/2013<\/strong><\/p>\n<table border=\"1\" cellspacing=\"0\" cellpadding=\"0\">\n<tbody>\n<tr>\n<td width=\"240\">05\/02 \u00e0 12\/02<\/td>\n<td width=\"324\">\u00a0SEMANA DO CARNAVAL(8 di\u00e1rias)<\/td>\n<td valign=\"top\" width=\"156\">(inscri\u00e7\u00f5es de 22\/10 \u00e0 20\/11\/2012) \u25ba<\/td>\n<\/tr>\n<tr>\n<td valign=\"top\" width=\"240\">14\/02 \u00e0 17\/02<\/td>\n<td colspan=\"2\" width=\"480\">PERIODO RESERVADO PARA EXCURS\u00d5ES &#8211; (GRUPOS)<\/td>\n<\/tr>\n<tr>\n<td valign=\"top\" width=\"240\">19\/02 \u00e0 24\/02<\/td>\n<td colspan=\"2\" valign=\"top\" width=\"480\">3\u00aa Semana (6 di\u00e1rias)<\/td>\n<\/tr>\n<tr>\n<td valign=\"top\" width=\"240\">26\/02 \u00e0\u00a0 03\/03<\/td>\n<td colspan=\"2\" valign=\"top\" width=\"480\">4\u00aa Semana (6 di\u00e1rias)<\/td>\n<\/tr>\n<\/tbody>\n<\/table>\n<p><strong>MAR\u00c7O\/2013<\/strong><\/p>\n<table border=\"1\" cellspacing=\"0\" cellpadding=\"0\">\n<tbody>\n<tr>\n<td valign=\"top\" width=\"240\">05\/03 \u00e0 10\/03<\/td>\n<td valign=\"top\" width=\"480\">1\u00aa Semana (6 di\u00e1rias)<\/td>\n<\/tr>\n<tr>\n<td valign=\"top\" width=\"240\">12\/03 \u00e0 17\/03<\/td>\n<td valign=\"top\" width=\"480\">2\u00aa Semana (6 di\u00e1rias)<\/td>\n<\/tr>\n<tr>\n<td valign=\"top\" width=\"240\">19\/03 \u00e0 24\/03<\/td>\n<td valign=\"top\" width=\"480\">3\u00aa Semana (6 di\u00e1rias)<\/td>\n<\/tr>\n<\/tbody>\n<\/table>\n<p><strong>\u00a0<\/strong><strong>VALORES:<\/strong> hospedagem com caf\u00e9 da manh\u00e3, almo\u00e7o e jantar<\/p>\n<table border=\"1\" cellspacing=\"0\" cellpadding=\"0\">\n<tbody>\n<tr>\n<td valign=\"top\" width=\"360\"><strong>Associados e dependentes<\/strong><\/td>\n<td valign=\"top\" width=\"360\">\n<p align=\"right\">R$ <strong>35,00<\/strong><\/p>\n<\/td>\n<\/tr>\n<tr>\n<td valign=\"top\" width=\"360\"><strong>Crian\u00e7as de 04 \u00e0 09 anos<\/strong><\/td>\n<td valign=\"top\" width=\"360\">\n<p align=\"right\">R$ <strong>30,00<\/strong><\/p>\n<\/td>\n<\/tr>\n<\/tbody>\n<\/table>\n<p>&nbsp;<\/p>\n<table border=\"1\" cellspacing=\"0\" cellpadding=\"0\">\n<tbody>\n<tr>\n<td valign=\"top\" width=\"360\">Parentes (filhos solteiros acima de 18 anos, genro, Nora, Primos, Sobrinhos, Cunhados, Sogra, Sogro, etc.)<\/td>\n<td width=\"360\">\n<p align=\"right\">R$ 45,00<\/p>\n<\/td>\n<\/tr>\n<tr>\n<td valign=\"top\" width=\"360\">Crian\u00e7as de 04 \u00e0 09 anos.<\/td>\n<td valign=\"top\" width=\"360\">\n<p align=\"right\">R$ 35,00<\/p>\n<\/td>\n<\/tr>\n<\/tbody>\n<\/table>\n<p>&nbsp;<\/p>\n<table border=\"1\" cellspacing=\"0\" cellpadding=\"0\">\n<tbody>\n<tr>\n<td valign=\"top\" width=\"360\">N\u00e3o associados<\/td>\n<td valign=\"top\" width=\"360\">\n<p align=\"right\">R$ 60,00<\/p>\n<\/td>\n<\/tr>\n<tr>\n<td valign=\"top\" width=\"360\">Crian\u00e7as de 04 \u00e0 09 anos<\/td>\n<td valign=\"top\" width=\"360\">\n<p align=\"right\">R$ 50,00<\/p>\n<\/td>\n<\/tr>\n<\/tbody>\n<\/table>\n<p>&nbsp;<\/p>\n<p>Obs. para quem entrar na 2\u00aa feira ap\u00f3s as 18:00 horas ser\u00e1 cobrado pernoite nos valores:<\/p>\n<table border=\"1\" cellspacing=\"0\" cellpadding=\"0\">\n<tbody>\n<tr>\n<td valign=\"top\" width=\"360\">Associado e Dependente<\/td>\n<td valign=\"top\" width=\"360\">\n<p align=\"right\">R$ 10,00<\/p>\n<\/td>\n<\/tr>\n<tr>\n<td valign=\"top\" width=\"360\">Parente<\/td>\n<td valign=\"top\" width=\"360\">\n<p align=\"right\">R$ 15,00<\/p>\n<\/td>\n<\/tr>\n<tr>\n<td valign=\"top\" width=\"360\">N\u00e3o S\u00f3cio<\/td>\n<td valign=\"top\" width=\"360\">\n<p align=\"right\">R$ 20,00<\/p>\n<\/td>\n<\/tr>\n<\/tbody>\n<\/table>\n<p>As inscri\u00e7\u00f5es dever\u00e3o ser feitas atrav\u00e9s do site <a href=\"http:\/\/www.assef.org.br\/\">www.assef.org.br<\/a> \u00a0(menu Reserva 2012-2013) ou dos telefones 41\u20133333-7622 e \u00a00800 600 7622 \u00a0\u2013 \u00a0C\/ Rosangela e Pedro.<\/p>\n<p>&nbsp;<\/p>\n<p>\u25ba O sorteio das inscri\u00e7\u00f5es para o Ano Novo e Carnaval, ser\u00e1 realizado na Assembl\u00e9ia de Presta\u00e7\u00e3o de Contas dia <strong>08 <\/strong>de <strong>dezembro<\/strong> de <strong>2012<\/strong>.<\/p>\n<blockquote>\n<div style=\"text-indent: 35px;\"><span style=\"color: #474747;\">Op\u00e7\u00e3o<\/span><\/div>\n<p>de Inscri\u00e7\u00e3o pela internet, somente a partir do dia 22 de Outubro, 2012 at\u00e9 10 de Janeiro de 2013.<\/p>\n<p>&nbsp;<\/p>\n<h1 style=\"text-align: center;\">Inscri\u00e7\u00f5es de Reserva pela Internet Encerradas<\/h1>\n<h1 style=\"text-align: center;\">Ligue 0800-600-7622 durante a semana das 8:30 as 16:30<\/h1>\n<p>l<\/p>\n<h1 style=\"text-align: center;\"><a title=\"Formul\u00e1rio de Pre-Reserva Colonia 2012-2013\" href=\"http:\/\/www.assef.org.br\/portalassef\/?page_id=1062\" target=\"_blank\">Clique AQUI\u00a0 para acessar o Formulario de Inscri\u00e7\u00e3o ON LINE<\/a><\/h1>\n<p style=\"text-align: center;\"><strong>COMPATIVEL COM O\u00a0 NAVEGADOR FIREFOX\u00a0 ,NAVEGADOR OPERA, NAVEGADOR GOOGLE CHROME<\/strong><\/p>\n<p style=\"text-align: center;\"><em> INTERNET EXPLORER COM PROBLEMAS <\/em><\/p>\n<\/blockquote>\n<p>&nbsp;<\/p>\n<h3><\/h3>\n<h3><a href=\"http:\/\/www.assef.org.br\/portalassef\/wp-content\/uploads\/2012\/10\/CALENDARIO_ASSEF_TEMPORADA_PRAIA_2012-2013.pdf\">Clique aqui para Mostrar Calend\u00e1rio em PDF recomendado para impress\u00e3o<\/a><\/h3>\n<p>&nbsp;<\/p>\n<p><a href=\"http:\/\/www.assef.org.br\/portalassef\/wp-content\/uploads\/2012\/10\/CALENDARIO_ASSEF_TEMPORADA_PRAIA_2012-2013.pdf\"><img loading=\"lazy\" decoding=\"async\" class=\"aligncenter size-full wp-image-878\" title=\"baixarpdf\" alt=\"\" src=\"http:\/\/www.assef.org.br\/portalassef\/wp-content\/uploads\/2012\/10\/baixarpdf.jpg\" width=\"250\" height=\"105\" \/><\/a><\/p>\n","protected":false},"excerpt":{"rendered":"<p>Inscri\u00e7\u00f5es de Reservas a partir de 22 de Outubro de 2012 &nbsp; &nbsp; &nbsp; &nbsp; DEZEMBRO\/2012 De 01\u00a0 \u00e0\u00a0 19 PERIODO RESERVADO PARA EXCURS\u00d5ES (GRUPOS) 21\/12\u00a0 \u00e0\u00a0 25\/12 SEMANA DO NATAL (5 di\u00e1rias) \u00a0JANEIRO\/2013 27\/12\/12 \u00e0 06\/01\/2013 \u00a0SEMANA DO ANO NOVO(11 di\u00e1rias) (inscri\u00e7\u00f5es de 22\/10 \u00e0 20\/11\/2012) \u25ba 08\/01 \u00e0 13\/01 2\u00aa Semana \u00a0(6 di\u00e1rias) &hellip; <\/p>\n<p><a class=\"more-link btn\" href=\"https:\/\/www.assef.org.br\/portalassef\/calendario-da-temporada-de-praia-20122013\/\">Continue lendo<\/a><\/p>\n","protected":false},"author":2,"featured_media":323,"comment_status":"closed","ping_status":"open","sticky":false,"template":"","format":"standard","meta":{"_monsterinsights_skip_tracking":false,"_monsterinsights_sitenote_active":false,"_monsterinsights_sitenote_note":"","_monsterinsights_sitenote_category":0,"_uf_show_specific_survey":0,"_uf_disable_surveys":false,"ngg_post_thumbnail":0,"footnotes":""},"categories":[1,62],"tags":[53,51,54],"aioseo_notices":[],"_links":{"self":[{"href":"https:\/\/www.assef.org.br\/portalassef\/wp-json\/wp\/v2\/posts\/849"}],"collection":[{"href":"https:\/\/www.assef.org.br\/portalassef\/wp-json\/wp\/v2\/posts"}],"about":[{"href":"https:\/\/www.assef.org.br\/portalassef\/wp-json\/wp\/v2\/types\/post"}],"author":[{"embeddable":true,"href":"https:\/\/www.assef.org.br\/portalassef\/wp-json\/wp\/v2\/users\/2"}],"replies":[{"embeddable":true,"href":"https:\/\/www.assef.org.br\/portalassef\/wp-json\/wp\/v2\/comments?post=849"}],"version-history":[{"count":23,"href":"https:\/\/www.assef.org.br\/portalassef\/wp-json\/wp\/v2\/posts\/849\/revisions"}],"predecessor-version":[{"id":1317,"href":"https:\/\/www.assef.org.br\/portalassef\/wp-json\/wp\/v2\/posts\/849\/revisions\/1317"}],"wp:featuredmedia":[{"embeddable":true,"href":"https:\/\/www.assef.org.br\/portalassef\/wp-json\/wp\/v2\/media\/323"}],"wp:attachment":[{"href":"https:\/\/www.assef.org.br\/portalassef\/wp-json\/wp\/v2\/media?parent=849"}],"wp:term":[{"taxonomy":"category","embeddable":true,"href":"https:\/\/www.assef.org.br\/portalassef\/wp-json\/wp\/v2\/categories?post=849"},{"taxonomy":"post_tag","embeddable":true,"href":"https:\/\/www.assef.org.br\/portalassef\/wp-json\/wp\/v2\/tags?post=849"}],"curies":[{"name":"wp","href":"https:\/\/api.w.org\/{rel}","templated":true}]}}