{"id":862,"date":"2012-10-16T13:10:10","date_gmt":"2012-10-16T16:10:10","guid":{"rendered":"http:\/\/www.assef.org.br\/portalassef\/?p=862"},"modified":"2013-11-04T21:48:37","modified_gmt":"2013-11-05T00:48:37","slug":"dia-mundial-da-alimentacao","status":"publish","type":"post","link":"https:\/\/www.assef.org.br\/portalassef\/dia-mundial-da-alimentacao\/","title":{"rendered":"Dia Mundial da Alimenta\u00e7\u00e3o"},"content":{"rendered":"<p><a href=\"http:\/\/www.assef.org.br\/portalassef\/wp-content\/uploads\/2012\/10\/DIAMUNDIALALIMENTACAO.png\"><img loading=\"lazy\" decoding=\"async\" class=\"alignleft size-thumbnail wp-image-863\" title=\"DIAMUNDIALALIMENTACAO\" alt=\"\" src=\"http:\/\/www.assef.org.br\/portalassef\/wp-content\/uploads\/2012\/10\/DIAMUNDIALALIMENTACAO-150x150.png\" width=\"150\" height=\"150\" srcset=\"https:\/\/www.assef.org.br\/portalassef\/wp-content\/uploads\/2012\/10\/DIAMUNDIALALIMENTACAO-150x150.png 150w, https:\/\/www.assef.org.br\/portalassef\/wp-content\/uploads\/2012\/10\/DIAMUNDIALALIMENTACAO-300x300.png 300w, https:\/\/www.assef.org.br\/portalassef\/wp-content\/uploads\/2012\/10\/DIAMUNDIALALIMENTACAO.png 483w\" sizes=\"(max-width: 150px) 100vw, 150px\" \/><\/a><\/p>\n<p>A <strong><a href=\"https:\/\/www.ecobeneficios.com.br\/\" target=\"_blank\">Ecobenef\u00edcios Good Card<\/a><\/strong>, empresa de benef\u00edcios corporativos, com a qual a<strong><span style=\"color: #339966;\"> ASSEF<\/span><\/strong> tem parceria, marca o Dia do Consumo Consciente (15\/10) e o Dia Mundial da Alimenta\u00e7\u00e3o (16\/10) com o lan\u00e7amento da campanha <strong><a href=\"https:\/\/www.ecobeneficios.com.br\/consumoconsciente\" target=\"_blank\">Consumo Consciente contra o desperd\u00edcio<\/a><\/strong>.<\/p>\n<p>Para chamar a aten\u00e7\u00e3o da popula\u00e7\u00e3o contra o desperd\u00edcio, a empresa prop\u00f4s a cria\u00e7\u00e3o de um \u201cprato consciente\u201d, que \u00e9\u00a0 20% menor em compara\u00e7\u00e3o ao prato de lou\u00e7a de tamanho normal. Os pratos incluem os dizeres: \u201cPor que 20% dos alimentos s\u00e3o desperdi\u00e7ados todos os dias?\u201d e v\u00eam sendo utilizados em a\u00e7\u00e3o promocional em restaurantes. Junto com a iniciativa, foi desenvolvido um <strong><a href=\"https:\/\/www.youtube.com\/watch?feature=player_embedded&amp;v=V0FvyIYeWOI#%21\" target=\"_blank\">v\u00eddeo<\/a><\/strong> que mostra a rea\u00e7\u00e3o das pessoas ao receber o prato durante as refei\u00e7\u00f5es.<\/p>\n<p>A expectativa \u00e9 provocar as pessoas a parar e refletir sobre o consumo consciente e desperd\u00edcio de alimentos atrav\u00e9s de a\u00e7\u00f5es de marketing direto, redes sociais, mailing e parceria com redes de alimenta\u00e7\u00e3o.\u00a0 A divulga\u00e7\u00e3o da campanha tamb\u00e9m envolve o envio do prato para os chefs de cozinha do Pa\u00eds, distribui\u00e7\u00e3o de folhetos e cria\u00e7\u00e3o de uma <strong><a href=\"http:\/\/www.ecobeneficios.com.br\/consumoconsciente\" target=\"_blank\">p\u00e1gina especial<\/a><\/strong> no site da empresa com dicas sobre consumo consciente, incluindo sugest\u00f5es de como aproveitar melhor os alimentos.<\/p>\n<p>\u201cCom a campanha, pretendemos estimular o consumo consciente e fomentar uma mudan\u00e7a de postura das pessoas, que muitas vezes n\u00e3o se d\u00e3o conta do pr\u00f3prio desperd\u00edcio e do seu significado.\u201d, diz Luciana Trott Diefenthaeler, gerente de Marketing da Ecobenef\u00edcios Good Card.<\/p>\n<p>Estimativas indicam que, no Brasil, de 20%\u00a0 a 33% dos alimentos s\u00e3o jogados fora: o Pa\u00eds \u00e9 um dos campe\u00f5es do desperd\u00edcio, com 39 mil toneladas de comida que v\u00e3o para o lixo diariamente. Esse volume poderia alimentar 19 milh\u00f5es de pessoas.<\/p>\n<p>\u201cAcreditamos no efeito multiplicador: se cada um dos receptores da nossa mensagem adotar uma pequena mudan\u00e7a em seu cotidiano para reduzir o desperd\u00edcio ou estimular sua fam\u00edlia e amigos nessa linha, far\u00e1 uma grande diferen\u00e7a!\u201d, avalia Luciana.<\/p>\n<p>&nbsp;<\/p>\n<p>Veja o v\u00eddeo:<\/p>\n<div class=\"embed-container\"><iframe loading=\"lazy\" width=\"750\" height=\"422\" src=\"https:\/\/www.youtube.com\/embed\/V0FvyIYeWOI?feature=oembed\" frameborder=\"0\" allowfullscreen><\/iframe><\/div>\n<p>&nbsp;<\/p>\n<p>&nbsp;<\/p>\n<p>&nbsp;<\/p>\n<p>&nbsp;<\/p>\n<h2><\/h2>\n<p>&nbsp;<\/p>\n","protected":false},"excerpt":{"rendered":"<p>A Ecobenef\u00edcios Good Card, empresa de benef\u00edcios corporativos, com a qual a ASSEF tem parceria, marca o Dia do Consumo Consciente (15\/10) e o Dia Mundial da Alimenta\u00e7\u00e3o (16\/10) com o lan\u00e7amento da campanha Consumo Consciente contra o desperd\u00edcio. Para chamar a aten\u00e7\u00e3o da popula\u00e7\u00e3o contra o desperd\u00edcio, a empresa prop\u00f4s a cria\u00e7\u00e3o de um &hellip; <\/p>\n<p><a class=\"more-link btn\" href=\"https:\/\/www.assef.org.br\/portalassef\/dia-mundial-da-alimentacao\/\">Continue lendo<\/a><\/p>\n","protected":false},"author":2,"featured_media":863,"comment_status":"closed","ping_status":"open","sticky":false,"template":"","format":"standard","meta":{"_monsterinsights_skip_tracking":false,"_monsterinsights_sitenote_active":false,"_monsterinsights_sitenote_note":"","_monsterinsights_sitenote_category":0,"_uf_show_specific_survey":0,"_uf_disable_surveys":false,"ngg_post_thumbnail":0,"footnotes":""},"categories":[1],"tags":[],"aioseo_notices":[],"_links":{"self":[{"href":"https:\/\/www.assef.org.br\/portalassef\/wp-json\/wp\/v2\/posts\/862"}],"collection":[{"href":"https:\/\/www.assef.org.br\/portalassef\/wp-json\/wp\/v2\/posts"}],"about":[{"href":"https:\/\/www.assef.org.br\/portalassef\/wp-json\/wp\/v2\/types\/post"}],"author":[{"embeddable":true,"href":"https:\/\/www.assef.org.br\/portalassef\/wp-json\/wp\/v2\/users\/2"}],"replies":[{"embeddable":true,"href":"https:\/\/www.assef.org.br\/portalassef\/wp-json\/wp\/v2\/comments?post=862"}],"version-history":[{"count":10,"href":"https:\/\/www.assef.org.br\/portalassef\/wp-json\/wp\/v2\/posts\/862\/revisions"}],"predecessor-version":[{"id":1348,"href":"https:\/\/www.assef.org.br\/portalassef\/wp-json\/wp\/v2\/posts\/862\/revisions\/1348"}],"wp:featuredmedia":[{"embeddable":true,"href":"https:\/\/www.assef.org.br\/portalassef\/wp-json\/wp\/v2\/media\/863"}],"wp:attachment":[{"href":"https:\/\/www.assef.org.br\/portalassef\/wp-json\/wp\/v2\/media?parent=862"}],"wp:term":[{"taxonomy":"category","embeddable":true,"href":"https:\/\/www.assef.org.br\/portalassef\/wp-json\/wp\/v2\/categories?post=862"},{"taxonomy":"post_tag","embeddable":true,"href":"https:\/\/www.assef.org.br\/portalassef\/wp-json\/wp\/v2\/tags?post=862"}],"curies":[{"name":"wp","href":"https:\/\/api.w.org\/{rel}","templated":true}]}}