{"id":901,"date":"2012-11-16T13:22:14","date_gmt":"2012-11-16T16:22:14","guid":{"rendered":"http:\/\/www.assef.org.br\/portalassef\/?p=901"},"modified":"2015-07-29T14:13:24","modified_gmt":"2015-07-29T17:13:24","slug":"4o-fevama-2a-eliminatoria-sede-campo-mourao","status":"publish","type":"post","link":"https:\/\/www.assef.org.br\/portalassef\/4o-fevama-2a-eliminatoria-sede-campo-mourao\/","title":{"rendered":"4\u00ba FEVAMA  2\u00aa Eliminat\u00f3ria Sede Campo Mour\u00e3o"},"content":{"rendered":"<p><a href=\"http:\/\/www.assef.org.br\/portalassef\/wp-content\/uploads\/2012\/11\/102-2012-11-10-Nucleo-ASSEF-CampoMourao-4-FEVAMA-111.jpg\"><img loading=\"lazy\" decoding=\"async\" class=\"alignleft size-medium wp-image-933\" title=\"102-2012-11-10-Nucleo-ASSEF-CampoMourao-4-FEVAMA-111\" src=\"http:\/\/www.assef.org.br\/portalassef\/wp-content\/uploads\/2012\/11\/102-2012-11-10-Nucleo-ASSEF-CampoMourao-4-FEVAMA-111-300x168.jpg\" alt=\"\" width=\"300\" height=\"168\" srcset=\"https:\/\/www.assef.org.br\/portalassef\/wp-content\/uploads\/2012\/11\/102-2012-11-10-Nucleo-ASSEF-CampoMourao-4-FEVAMA-111-300x168.jpg 300w, https:\/\/www.assef.org.br\/portalassef\/wp-content\/uploads\/2012\/11\/102-2012-11-10-Nucleo-ASSEF-CampoMourao-4-FEVAMA-111.jpg 1024w\" sizes=\"(max-width: 300px) 100vw, 300px\" \/><\/a><a href=\"http:\/\/www.assef.org.br\/portalassef\/wp-content\/uploads\/2012\/10\/LOGO-FEVAMA-EXPERIMENTAL-e1349283168616.png\"><img loading=\"lazy\" decoding=\"async\" class=\"alignleft size-medium wp-image-799\" title=\"LOGO-FEVAMA-EXPERIMENTAL\" src=\"http:\/\/www.assef.org.br\/portalassef\/wp-content\/uploads\/2012\/10\/LOGO-FEVAMA-EXPERIMENTAL-300x193.png\" alt=\"\" width=\"300\" height=\"193\" \/><\/a>No dia 10\u00a0 de\u00a0 Novembro\u00a0 de 2012, aconteceu em Campo Mour\u00e3o, a\u00a0<strong> 2\u00aa Eliminat\u00f3ria do 4\u00ba Fevama<\/strong> , \u00a0onde estiveram presentes mais de 250 pariticipantes, a maioria, associados e dependentes, e convidados especiais.<\/p>\n<p>Na 4\u00aa edi\u00e7\u00e3o do evento, na sede Campo Mour\u00e3o,\u00a0 o Festival de V\u00e1rias \u00a0Modalidades da Assef, contou \u00a0com a participa\u00e7\u00e3o das cidades de Maring\u00e1 , Londrina, \u00a0Campo Mour\u00e3o, Apucarana, Umuarama e Jacarezinho.<\/p>\n<p>As modalidades foram disputadas no periodo da manh\u00e3 e da tarde, aconteceu\u00a0 jogos de futebol, truco, gincana feminina, sinuca, ping-pong.<\/p>\n<p>Neste encontro de confraterniza\u00e7\u00e3o, a sede de campo mour\u00e3o nos surpreendeu\u00a0 com um delicioso caf\u00e9z\u00e3o da manh\u00e3, almo\u00e7o tava\u00a0 uma delicia.\u00a0 Tinha uma cantina que n\u00e3o deixou ninguem sentir falta de nada.<\/p>\n<p>O campe\u00e3o geral da eliminatoria que se credenciou para a finalissima, foi a cidade de MARING\u00c1.<\/p>\n<p>Queremos agradecer as fotos enviadas pelo amigo Claudio Silva Souza de Londrina.<\/p>\n<p>&nbsp;<\/p>\nngg_shortcode_0_placeholder\n<p>&nbsp;<\/p>\n","protected":false},"excerpt":{"rendered":"<p>No dia 10\u00a0 de\u00a0 Novembro\u00a0 de 2012, aconteceu em Campo Mour\u00e3o, a\u00a0 2\u00aa Eliminat\u00f3ria do 4\u00ba Fevama , \u00a0onde estiveram presentes mais de 250 pariticipantes, a maioria, associados e dependentes, e convidados especiais. Na 4\u00aa edi\u00e7\u00e3o do evento, na sede Campo Mour\u00e3o,\u00a0 o Festival de V\u00e1rias \u00a0Modalidades da Assef, contou \u00a0com a participa\u00e7\u00e3o das cidades &hellip; <\/p>\n<p><a class=\"more-link btn\" href=\"https:\/\/www.assef.org.br\/portalassef\/4o-fevama-2a-eliminatoria-sede-campo-mourao\/\">Continue lendo<\/a><\/p>\n","protected":false},"author":2,"featured_media":934,"comment_status":"closed","ping_status":"open","sticky":false,"template":"","format":"standard","meta":{"_monsterinsights_skip_tracking":false,"_monsterinsights_sitenote_active":false,"_monsterinsights_sitenote_note":"","_monsterinsights_sitenote_category":0,"_uf_show_specific_survey":0,"_uf_disable_surveys":false,"ngg_post_thumbnail":0,"footnotes":""},"categories":[28,1,43],"tags":[44,58,83],"aioseo_notices":[],"_links":{"self":[{"href":"https:\/\/www.assef.org.br\/portalassef\/wp-json\/wp\/v2\/posts\/901"}],"collection":[{"href":"https:\/\/www.assef.org.br\/portalassef\/wp-json\/wp\/v2\/posts"}],"about":[{"href":"https:\/\/www.assef.org.br\/portalassef\/wp-json\/wp\/v2\/types\/post"}],"author":[{"embeddable":true,"href":"https:\/\/www.assef.org.br\/portalassef\/wp-json\/wp\/v2\/users\/2"}],"replies":[{"embeddable":true,"href":"https:\/\/www.assef.org.br\/portalassef\/wp-json\/wp\/v2\/comments?post=901"}],"version-history":[{"count":28,"href":"https:\/\/www.assef.org.br\/portalassef\/wp-json\/wp\/v2\/posts\/901\/revisions"}],"predecessor-version":[{"id":914,"href":"https:\/\/www.assef.org.br\/portalassef\/wp-json\/wp\/v2\/posts\/901\/revisions\/914"}],"wp:featuredmedia":[{"embeddable":true,"href":"https:\/\/www.assef.org.br\/portalassef\/wp-json\/wp\/v2\/media\/934"}],"wp:attachment":[{"href":"https:\/\/www.assef.org.br\/portalassef\/wp-json\/wp\/v2\/media?parent=901"}],"wp:term":[{"taxonomy":"category","embeddable":true,"href":"https:\/\/www.assef.org.br\/portalassef\/wp-json\/wp\/v2\/categories?post=901"},{"taxonomy":"post_tag","embeddable":true,"href":"https:\/\/www.assef.org.br\/portalassef\/wp-json\/wp\/v2\/tags?post=901"}],"curies":[{"name":"wp","href":"https:\/\/api.w.org\/{rel}","templated":true}]}}